{"id":24218,"date":"2025-06-17T16:15:58","date_gmt":"2025-06-17T19:15:58","guid":{"rendered":"https:\/\/coronelxavierchaves.mg.gov.br\/prefeitura\/?p=24218"},"modified":"2026-01-15T14:31:15","modified_gmt":"2026-01-15T17:31:15","slug":"contrato-direto-e-ordem-de-servico-contratacao-de-empresa-especializada-para-prestacao-de-servicos-de-pavimentacao-asfaltica-em-cbuq-e-em-pedra-micro-revestimento-recapeamento-tapa-buraco-drenage","status":"publish","type":"post","link":"https:\/\/coronelxavierchaves.mg.gov.br\/prefeitura\/2025\/06\/17\/contrato-direto-e-ordem-de-servico-contratacao-de-empresa-especializada-para-prestacao-de-servicos-de-pavimentacao-asfaltica-em-cbuq-e-em-pedra-micro-revestimento-recapeamento-tapa-buraco-drenage\/","title":{"rendered":"Contrato Direto e Ordem de Servi\u00e7o: Contrata\u00e7\u00e3o de empresa especializada para presta\u00e7\u00e3o de servi\u00e7os de pavimenta\u00e7\u00e3o asf\u00e1ltica em CBUQ e em pedra, micro revestimento, recapeamento, tapa buraco, drenagem, galerias e conten\u00e7\u00e3o &#8211; LOREDO"},"content":{"rendered":"<blockquote><p>DOWNLOADS<\/p><\/blockquote>\n<ul>\n<li><a href=\"https:\/\/coronelxavierchaves.mg.gov.br\/prefeitura\/wp-content\/uploads\/2025\/06\/CONTRATO-RECAPEMENTO-BARREIRO-LOREDO.pdf\">CONTRATO<\/a>, publicado em 17\/06\/2025 \u00e0s 16:16h.<\/li>\n<li><a href=\"https:\/\/coronelxavierchaves.mg.gov.br\/prefeitura\/wp-content\/uploads\/2025\/06\/ORDEM-DE-SERVICO-LOREDO.pdf\">ORDEM DE SERVI\u00c7O<\/a>, publicado em 17\/06\/2025 \u00e0s 16:16h.<\/li>\n<li><a href=\"https:\/\/coronelxavierchaves.mg.gov.br\/prefeitura\/wp-content\/uploads\/2025\/10\/1o-TA-RECAPEAMENTO-BARREIRO-LOREDO.pdf\">1\u00ba TERMO ADITIVO<\/a>, publicado em 15\/10\/2025 \u00e0s 08:26h.<\/li>\n<li><a href=\"https:\/\/coronelxavierchaves.mg.gov.br\/prefeitura\/wp-content\/uploads\/2026\/01\/2o-TA-LOREDO.pdf\">2\u00ba TERMO ADITIVO<\/a>, publicado em 15\/01\/2026 \u00e0s 14:31h.<\/li>\n<\/ul>\n<blockquote><p>OBJETO<\/p><\/blockquote>\n<div style=\"text-align: justify;\">\n<div style=\"text-align: justify;\">\n<div style=\"text-align: justify;\"><span lang=\"PT\">1.1.\u00a0\u00a0\u00a0<\/span><span lang=\"PT\">Contrata\u00e7\u00e3o de empresa especializada para presta\u00e7\u00e3o de servi\u00e7os de pavimenta\u00e7\u00e3o asf\u00e1ltica em CBUQ\u00a0e\u00a0em\u00a0pedra,\u00a0micro\u00a0revesti<wbr \/>mento,\u00a0recapeamento,\u00a0tapa\u00a0bura<wbr \/>co,\u00a0drenagem,\u00a0galerias\u00a0e\u00a0conte<wbr \/>n\u00e7\u00e3o\u00a0em atendimento\u00a0\u00e0\u00a0demanda\u00a0dos\u00a0muni<wbr \/>c\u00edpios\u00a0consorciados\u00a0ao\u00a0CIGEDAS<wbr \/>\u00a0Vertentes,\u00a0nas\u00a0condi\u00e7\u00f5es\u00a0defi<wbr \/>nidas no ato convocat\u00f3rio, seus anexos e propostas de pre\u00e7os, os quais integram este instrumento independente de transcri\u00e7\u00e3o.\u00a0<\/span><span lang=\"PT\">1.2.\u00a0\u00a0\u00a0<\/span><span lang=\"PT\">Demanda:\u00a0<\/span>\u00a0<span lang=\"PT\">Execu\u00e7\u00e3o de obra de recapeamento asf\u00e1ltico na estrada rural da comunidade do Barreiro, no munic\u00edpio de Coronel Xavier Chaves\/MG, conforme coordenadas geogr\u00e1ficas aproximadas\u00a0<\/span><b>21\u00b004&#8217;19.9&#8243;S 44\u00b013&#8217;36.3&#8243;W<\/b><span lang=\"PT\">. A obra ser\u00e1 executada em conformidade com os documentos t\u00e9cnicos que integram este contrato: Projeto B\u00e1sico, Planilha Or\u00e7ament\u00e1ria, Composi\u00e7\u00e3o do BDI, Cronograma F\u00edsico-Financeiro, Memorial de C\u00e1lculo e Memorial Descritivo.<\/span><\/div>\n<\/div>\n<\/div>\n","protected":false},"excerpt":{"rendered":"<p>DOWNLOADS CONTRATO, publicado em 17\/06\/2025 \u00e0s 16:16h. ORDEM DE SERVI\u00c7O, publicado em 17\/06\/2025 \u00e0s 16:16h. 1\u00ba TERMO ADITIVO, publicado em 15\/10\/2025 \u00e0s 08:26h. 2\u00ba TERMO ADITIVO, publicado em 15\/01\/2026 \u00e0s 14:31h. OBJETO 1.1.\u00a0\u00a0\u00a0Contrata\u00e7\u00e3o de empresa especializada para presta\u00e7\u00e3o de servi\u00e7os de pavimenta\u00e7\u00e3o asf\u00e1ltica em CBUQ\u00a0e\u00a0em\u00a0pedra,\u00a0micro\u00a0revestimento,\u00a0recapeamento,\u00a0tapa\u00a0buraco,\u00a0drenagem,\u00a0galerias\u00a0e\u00a0conten\u00e7\u00e3o\u00a0em atendimento\u00a0\u00e0\u00a0demanda\u00a0dos\u00a0munic\u00edpios\u00a0consorciados\u00a0ao\u00a0CIGEDAS\u00a0Vertentes,\u00a0nas\u00a0condi\u00e7\u00f5es\u00a0definidas no ato convocat\u00f3rio, seus anexos e propostas de pre\u00e7os, [&hellip;]<\/p>\n","protected":false},"author":3,"featured_media":4367,"comment_status":"closed","ping_status":"closed","sticky":false,"template":"","format":"standard","meta":{"footnotes":"","_links_to":"","_links_to_target":""},"categories":[139],"tags":[],"class_list":{"0":"post-24218","1":"post","2":"type-post","3":"status-publish","4":"format-standard","5":"has-post-thumbnail","7":"category-contratos-aditivos-atas-e-outros-2025"},"_links":{"self":[{"href":"https:\/\/coronelxavierchaves.mg.gov.br\/prefeitura\/wp-json\/wp\/v2\/posts\/24218","targetHints":{"allow":["GET"]}}],"collection":[{"href":"https:\/\/coronelxavierchaves.mg.gov.br\/prefeitura\/wp-json\/wp\/v2\/posts"}],"about":[{"href":"https:\/\/coronelxavierchaves.mg.gov.br\/prefeitura\/wp-json\/wp\/v2\/types\/post"}],"author":[{"embeddable":true,"href":"https:\/\/coronelxavierchaves.mg.gov.br\/prefeitura\/wp-json\/wp\/v2\/users\/3"}],"replies":[{"embeddable":true,"href":"https:\/\/coronelxavierchaves.mg.gov.br\/prefeitura\/wp-json\/wp\/v2\/comments?post=24218"}],"version-history":[{"count":5,"href":"https:\/\/coronelxavierchaves.mg.gov.br\/prefeitura\/wp-json\/wp\/v2\/posts\/24218\/revisions"}],"predecessor-version":[{"id":26267,"href":"https:\/\/coronelxavierchaves.mg.gov.br\/prefeitura\/wp-json\/wp\/v2\/posts\/24218\/revisions\/26267"}],"wp:featuredmedia":[{"embeddable":true,"href":"https:\/\/coronelxavierchaves.mg.gov.br\/prefeitura\/wp-json\/wp\/v2\/media\/4367"}],"wp:attachment":[{"href":"https:\/\/coronelxavierchaves.mg.gov.br\/prefeitura\/wp-json\/wp\/v2\/media?parent=24218"}],"wp:term":[{"taxonomy":"category","embeddable":true,"href":"https:\/\/coronelxavierchaves.mg.gov.br\/prefeitura\/wp-json\/wp\/v2\/categories?post=24218"},{"taxonomy":"post_tag","embeddable":true,"href":"https:\/\/coronelxavierchaves.mg.gov.br\/prefeitura\/wp-json\/wp\/v2\/tags?post=24218"}],"curies":[{"name":"wp","href":"https:\/\/api.w.org\/{rel}","templated":true}]}}