{"id":24276,"date":"2025-06-24T16:03:16","date_gmt":"2025-06-24T19:03:16","guid":{"rendered":"https:\/\/coronelxavierchaves.mg.gov.br\/prefeitura\/?p=24276"},"modified":"2025-06-24T16:03:16","modified_gmt":"2025-06-24T19:03:16","slug":"3o-termo-aditivo-pl-52-2022-contratacao-de-empresa-especializada-para-fornecimento-de-licencas-do-servico-de-plataforma-de-colaboracao-em-nuvem-e-mail-e-armazenamento-denominado-google","status":"publish","type":"post","link":"https:\/\/coronelxavierchaves.mg.gov.br\/prefeitura\/2025\/06\/24\/3o-termo-aditivo-pl-52-2022-contratacao-de-empresa-especializada-para-fornecimento-de-licencas-do-servico-de-plataforma-de-colaboracao-em-nuvem-e-mail-e-armazenamento-denominado-google\/","title":{"rendered":"3\u00ba Termo Aditivo (PL 52\/2022): Contrata\u00e7\u00e3o de empresa especializada para fornecimento de licen\u00e7as do servi\u00e7o de plataforma de colabora\u00e7\u00e3o em nuvem, e-mail, e armazenamento, denominado \u201cGoogle Workspace Business Starter\u201d"},"content":{"rendered":"<blockquote><p>DOWNLOADS<\/p><\/blockquote>\n<ul>\n<li><a href=\"https:\/\/coronelxavierchaves.mg.gov.br\/prefeitura\/wp-content\/uploads\/2025\/06\/3o-TERMO-ADITIVO-REEDUCATION-52-2022.pdf\">3\u00ba TERMO ADITIVO<\/a>, publicado em 24\/06\/2025 \u00e0s 16:03h.<\/li>\n<\/ul>\n<blockquote><p>OBJETO<\/p><\/blockquote>\n<div style=\"text-align: justify;\">\n<div style=\"text-align: justify;\"><b><u>CONTRATA\u00c7\u00c3O DE EMPRESA ESPECIALIZADA PARA FORNECIMENTO DE LICEN\u00c7AS DO SERVI\u00c7O DE PLATAFORMA DE COLABORA\u00c7\u00c3O EM NUVEM, E-MAIL, E ARMAZENAMENTO, DENOMINADO \u201cGOOGLE WORKSPACE BUSINESS STARTER\u201d, PARA ATENDER AS NECESSIDADES DA PREFEITURA MUNICIPAL DE CORONEL XAVIER CHAVES.\u00a0<\/u><\/b><\/div>\n<\/div>\n<p>&nbsp;<\/p>\n<div class=\"printshowonly\">\n<p>*<b>PUBLICA\u00c7\u00c3O<\/b><\/p>\n<ul>\n<li>Um destaque desta publica\u00e7\u00e3o foi gerado na p\u00e1gina inicial do site, dispon\u00edvel at\u00e9 que demais publica\u00e7\u00f5es sejam realizadas.<\/li>\n<li>Uma publica\u00e7\u00e3o permanente foi feita na p\u00e1gina de Editais e Licita\u00e7\u00f5es.<\/li>\n<li>Link para acesso:\u00a0http:\/\/coronelxavierchaves.mg.gov.br\/prefeitura\/wp-json\/wp\/v2\/posts\/24276<\/li>\n<\/ul>\n<\/div>\n","protected":false},"excerpt":{"rendered":"<p>DOWNLOADS 3\u00ba TERMO ADITIVO, publicado em 24\/06\/2025 \u00e0s 16:03h. OBJETO CONTRATA\u00c7\u00c3O DE EMPRESA ESPECIALIZADA PARA FORNECIMENTO DE LICEN\u00c7AS DO SERVI\u00c7O DE PLATAFORMA DE COLABORA\u00c7\u00c3O EM NUVEM, E-MAIL, E ARMAZENAMENTO, DENOMINADO \u201cGOOGLE WORKSPACE BUSINESS STARTER\u201d, PARA ATENDER AS NECESSIDADES DA PREFEITURA MUNICIPAL DE CORONEL XAVIER CHAVES.\u00a0 &nbsp; *PUBLICA\u00c7\u00c3O Um destaque desta publica\u00e7\u00e3o foi gerado na p\u00e1gina [&hellip;]<\/p>\n","protected":false},"author":3,"featured_media":4367,"comment_status":"closed","ping_status":"closed","sticky":false,"template":"","format":"standard","meta":{"footnotes":"","_links_to":"","_links_to_target":""},"categories":[139],"tags":[],"class_list":{"0":"post-24276","1":"post","2":"type-post","3":"status-publish","4":"format-standard","5":"has-post-thumbnail","7":"category-contratos-aditivos-atas-e-outros-2025"},"_links":{"self":[{"href":"https:\/\/coronelxavierchaves.mg.gov.br\/prefeitura\/wp-json\/wp\/v2\/posts\/24276","targetHints":{"allow":["GET"]}}],"collection":[{"href":"https:\/\/coronelxavierchaves.mg.gov.br\/prefeitura\/wp-json\/wp\/v2\/posts"}],"about":[{"href":"https:\/\/coronelxavierchaves.mg.gov.br\/prefeitura\/wp-json\/wp\/v2\/types\/post"}],"author":[{"embeddable":true,"href":"https:\/\/coronelxavierchaves.mg.gov.br\/prefeitura\/wp-json\/wp\/v2\/users\/3"}],"replies":[{"embeddable":true,"href":"https:\/\/coronelxavierchaves.mg.gov.br\/prefeitura\/wp-json\/wp\/v2\/comments?post=24276"}],"version-history":[{"count":1,"href":"https:\/\/coronelxavierchaves.mg.gov.br\/prefeitura\/wp-json\/wp\/v2\/posts\/24276\/revisions"}],"predecessor-version":[{"id":24278,"href":"https:\/\/coronelxavierchaves.mg.gov.br\/prefeitura\/wp-json\/wp\/v2\/posts\/24276\/revisions\/24278"}],"wp:featuredmedia":[{"embeddable":true,"href":"https:\/\/coronelxavierchaves.mg.gov.br\/prefeitura\/wp-json\/wp\/v2\/media\/4367"}],"wp:attachment":[{"href":"https:\/\/coronelxavierchaves.mg.gov.br\/prefeitura\/wp-json\/wp\/v2\/media?parent=24276"}],"wp:term":[{"taxonomy":"category","embeddable":true,"href":"https:\/\/coronelxavierchaves.mg.gov.br\/prefeitura\/wp-json\/wp\/v2\/categories?post=24276"},{"taxonomy":"post_tag","embeddable":true,"href":"https:\/\/coronelxavierchaves.mg.gov.br\/prefeitura\/wp-json\/wp\/v2\/tags?post=24276"}],"curies":[{"name":"wp","href":"https:\/\/api.w.org\/{rel}","templated":true}]}}