{"id":24288,"date":"2025-06-24T16:17:15","date_gmt":"2025-06-24T19:17:15","guid":{"rendered":"https:\/\/coronelxavierchaves.mg.gov.br\/prefeitura\/?p=24288"},"modified":"2025-06-24T16:17:15","modified_gmt":"2025-06-24T19:17:15","slug":"contrato-pl-62-2025-contratacao-de-empresa-especializada-para-prestacao-de-servicos-de-organizacao-de-rodeio-da-33a-exposicao-agropecuaria-e-41o-concurso-leiteiro-de-morfologia","status":"publish","type":"post","link":"https:\/\/coronelxavierchaves.mg.gov.br\/prefeitura\/2025\/06\/24\/contrato-pl-62-2025-contratacao-de-empresa-especializada-para-prestacao-de-servicos-de-organizacao-de-rodeio-da-33a-exposicao-agropecuaria-e-41o-concurso-leiteiro-de-morfologia\/","title":{"rendered":"Contrato (PL 62\/2025) &#8211; Contrata\u00e7\u00e3o de empresa especializada para presta\u00e7\u00e3o de servi\u00e7os de organiza\u00e7\u00e3o de rodeio da 33\u00aa Exposi\u00e7\u00e3o Agropecu\u00e1ria e 41\u00ba Concurso Leiteiro de morfologia&#8230;"},"content":{"rendered":"<blockquote><p>DOWNLOADS<\/p><\/blockquote>\n<ul>\n<li><a href=\"https:\/\/coronelxavierchaves.mg.gov.br\/prefeitura\/wp-content\/uploads\/2025\/06\/CONTRATO-TJ-62-2025.pdf\">CONTRATO<\/a>, publicado em 24\/06\/2025 \u00e0s 16:17h.<\/li>\n<\/ul>\n<blockquote><p>OBJETO<\/p><\/blockquote>\n<div style=\"text-align: justify;\">\n<div style=\"text-align: justify;\">\n<p><b>CONTRATA\u00c7\u00c3O DE EMPRESA ESPECIALIZADA PARA PRESTA\u00c7\u00c3O DE SERVI\u00c7OS DE ORGANIZA\u00c7\u00c3O DE RODEIO DA\u00a0<\/b><b><span lang=\"X-NONE\">33\u00aa\u00a0<\/span><\/b><b>E<\/b><b><span lang=\"X-NONE\">XPOSI\u00c7\u00c3O\u00a0<\/span><\/b><b>A<\/b><b><span lang=\"X-NONE\">GROPECU\u00c1RIA E 41\u00ba\u00a0<\/span><\/b><b>C<\/b><b><span lang=\"X-NONE\">ONCURSO\u00a0<\/span><\/b><b>L<\/b><b><span lang=\"X-NONE\">EITEIRO DE\u00a0<\/span><\/b><b>M<\/b><b><span lang=\"X-NONE\">ORFOLOGIA DE\u00a0<\/span><\/b><b>C<\/b><b><span lang=\"X-NONE\">ORONEL\u00a0<\/span><\/b><b>X<\/b><b><span lang=\"X-NONE\">AVIER\u00a0<\/span><\/b><b>C<\/b><b><span lang=\"X-NONE\">HAVES, QUE OCORRER\u00c1 NO PARQUE DE EXPOSI\u00c7\u00d5ES\u00a0<\/span><\/b><b>J<\/b><b><span lang=\"X-NONE\">O\u00c3O\u00a0<\/span><\/b><b>B<\/b><b><span lang=\"X-NONE\">ATISTA\u00a0<\/span><\/b><b>A<\/b><b><span lang=\"X-NONE\">SSUN\u00c7\u00c3O,\u00a0<\/span><\/b><b>DE<\/b><b><span lang=\"X-NONE\">\u00a02<\/span><\/b><b>6<\/b><b><span lang=\"X-NONE\">\u00a0DE JUNHO\u00a0<\/span><\/b><b>A 29\u00a0<\/b><b><span lang=\"X-NONE\">DE\u00a0<\/span><\/b><b>JUNHO DE\u00a0<\/b><b><span lang=\"X-NONE\">2025<\/span><\/b><b>, CONFORME TERMO DE REFER\u00caNCIA.\u00a0<\/b><\/p>\n<\/div>\n<div>\n<p>&nbsp;<\/p>\n<div>\n<p>*<b>PUBLICA\u00c7\u00c3O<\/b><\/p>\n<ul>\n<li>Um destaque desta publica\u00e7\u00e3o foi gerado na p\u00e1gina inicial do site, dispon\u00edvel at\u00e9 que demais publica\u00e7\u00f5es sejam realizadas.<\/li>\n<li>Uma publica\u00e7\u00e3o permanente foi feita na p\u00e1gina de Editais e Licita\u00e7\u00f5es.<\/li>\n<li>Link para acesso:\u00a0http:\/\/coronelxavierchaves.mg.gov.br\/prefeitura\/wp-json\/wp\/v2\/posts\/24288<\/li>\n<\/ul>\n<\/div>\n<\/div>\n<\/div>\n","protected":false},"excerpt":{"rendered":"<p>DOWNLOADS CONTRATO, publicado em 24\/06\/2025 \u00e0s 16:17h. OBJETO CONTRATA\u00c7\u00c3O DE EMPRESA ESPECIALIZADA PARA PRESTA\u00c7\u00c3O DE SERVI\u00c7OS DE ORGANIZA\u00c7\u00c3O DE RODEIO DA\u00a033\u00aa\u00a0EXPOSI\u00c7\u00c3O\u00a0AGROPECU\u00c1RIA E 41\u00ba\u00a0CONCURSO\u00a0LEITEIRO DE\u00a0MORFOLOGIA DE\u00a0CORONEL\u00a0XAVIER\u00a0CHAVES, QUE OCORRER\u00c1 NO PARQUE DE EXPOSI\u00c7\u00d5ES\u00a0JO\u00c3O\u00a0BATISTA\u00a0ASSUN\u00c7\u00c3O,\u00a0DE\u00a026\u00a0DE JUNHO\u00a0A 29\u00a0DE\u00a0JUNHO DE\u00a02025, CONFORME TERMO DE REFER\u00caNCIA.\u00a0 &nbsp; *PUBLICA\u00c7\u00c3O Um destaque desta publica\u00e7\u00e3o foi gerado na p\u00e1gina inicial do site, dispon\u00edvel at\u00e9 que demais [&hellip;]<\/p>\n","protected":false},"author":3,"featured_media":4367,"comment_status":"closed","ping_status":"closed","sticky":false,"template":"","format":"standard","meta":{"footnotes":"","_links_to":"","_links_to_target":""},"categories":[139],"tags":[],"class_list":{"0":"post-24288","1":"post","2":"type-post","3":"status-publish","4":"format-standard","5":"has-post-thumbnail","7":"category-contratos-aditivos-atas-e-outros-2025"},"_links":{"self":[{"href":"https:\/\/coronelxavierchaves.mg.gov.br\/prefeitura\/wp-json\/wp\/v2\/posts\/24288","targetHints":{"allow":["GET"]}}],"collection":[{"href":"https:\/\/coronelxavierchaves.mg.gov.br\/prefeitura\/wp-json\/wp\/v2\/posts"}],"about":[{"href":"https:\/\/coronelxavierchaves.mg.gov.br\/prefeitura\/wp-json\/wp\/v2\/types\/post"}],"author":[{"embeddable":true,"href":"https:\/\/coronelxavierchaves.mg.gov.br\/prefeitura\/wp-json\/wp\/v2\/users\/3"}],"replies":[{"embeddable":true,"href":"https:\/\/coronelxavierchaves.mg.gov.br\/prefeitura\/wp-json\/wp\/v2\/comments?post=24288"}],"version-history":[{"count":1,"href":"https:\/\/coronelxavierchaves.mg.gov.br\/prefeitura\/wp-json\/wp\/v2\/posts\/24288\/revisions"}],"predecessor-version":[{"id":24290,"href":"https:\/\/coronelxavierchaves.mg.gov.br\/prefeitura\/wp-json\/wp\/v2\/posts\/24288\/revisions\/24290"}],"wp:featuredmedia":[{"embeddable":true,"href":"https:\/\/coronelxavierchaves.mg.gov.br\/prefeitura\/wp-json\/wp\/v2\/media\/4367"}],"wp:attachment":[{"href":"https:\/\/coronelxavierchaves.mg.gov.br\/prefeitura\/wp-json\/wp\/v2\/media?parent=24288"}],"wp:term":[{"taxonomy":"category","embeddable":true,"href":"https:\/\/coronelxavierchaves.mg.gov.br\/prefeitura\/wp-json\/wp\/v2\/categories?post=24288"},{"taxonomy":"post_tag","embeddable":true,"href":"https:\/\/coronelxavierchaves.mg.gov.br\/prefeitura\/wp-json\/wp\/v2\/tags?post=24288"}],"curies":[{"name":"wp","href":"https:\/\/api.w.org\/{rel}","templated":true}]}}