{"id":24296,"date":"2025-06-25T16:36:57","date_gmt":"2025-06-25T19:36:57","guid":{"rendered":"https:\/\/coronelxavierchaves.mg.gov.br\/prefeitura\/?p=24296"},"modified":"2025-09-04T15:08:32","modified_gmt":"2025-09-04T18:08:32","slug":"aviso-de-licitacao-pl-70-2025-contratacao-de-empresa-especializada-para-execucao-dos-servicos-de-reforma-da-pintura-e-ampliacao-do-almoxarifado-da-unidade-da-farmacia-de-minas","status":"publish","type":"post","link":"https:\/\/coronelxavierchaves.mg.gov.br\/prefeitura\/2025\/06\/25\/aviso-de-licitacao-pl-70-2025-contratacao-de-empresa-especializada-para-execucao-dos-servicos-de-reforma-da-pintura-e-ampliacao-do-almoxarifado-da-unidade-da-farmacia-de-minas\/","title":{"rendered":"Aviso de Licita\u00e7\u00e3o (PL 70\/2025) &#8211; Contrata\u00e7\u00e3o de empresa especializada para execu\u00e7\u00e3o dos servi\u00e7os de reforma da pintura e amplia\u00e7\u00e3o do almoxarifado da unidade da Farm\u00e1cia de Minas"},"content":{"rendered":"<blockquote>\n<p style=\"text-align: center;\">DOWNLOADS<\/p>\n<\/blockquote>\n<ul>\n<li style=\"list-style-type: none;\">\n<ul>\n<li><a href=\"https:\/\/coronelxavierchaves.mg.gov.br\/prefeitura\/wp-content\/uploads\/2025\/06\/EDITAL-DE-LICITACAO-70-2025.pdf\">EDITAL<\/a>, publicado em 25\/06\/2025 \u00e0s 16:36h.<\/li>\n<li><a href=\"https:\/\/coronelxavierchaves.mg.gov.br\/prefeitura\/wp-content\/uploads\/2025\/07\/SUSPENSAO-DE-PROCESSO-70-2025.pdf\">SUSPENS\u00c3O<\/a>, publicado em 08\/07\/2025 \u00e0s 19:43h.<\/li>\n<li><a href=\"https:\/\/coronelxavierchaves.mg.gov.br\/prefeitura\/wp-content\/uploads\/2025\/07\/ERRATA-70-2025.pdf\">ERRATA<\/a>, publicado em 23\/07\/2025 \u00e0s 16:26h.<\/li>\n<li><a href=\"https:\/\/coronelxavierchaves.mg.gov.br\/prefeitura\/wp-content\/uploads\/2025\/07\/EDITAL-DE-LICITACAO-RETIFICADO-70-2025.pdf\">EDITAL RETIFICADO<\/a>, publicado em 23\/07\/2025 \u00e0s 16:26h.<\/li>\n<li><a href=\"https:\/\/coronelxavierchaves.mg.gov.br\/prefeitura\/wp-content\/uploads\/2025\/09\/CONTRATO-70-2025.pdf\">CONTRATO<\/a>, publicado em 04\/09\/2025 \u00e0s 15:08h.<\/li>\n<li><a href=\"https:\/\/coronelxavierchaves.mg.gov.br\/prefeitura\/wp-content\/uploads\/2025\/09\/ORDEM-DE-SERVICO-70-2025.pdf\">ORDEM DE SERVI\u00c7O<\/a>, publicado em 04\/09\/2025 \u00e0s 15:08h.<\/li>\n<\/ul>\n<\/li>\n<\/ul>\n<p style=\"font-weight: 400; text-align: center;\"><strong><u>AVISO DE RETIFICA\u00c7\u00c3O<\/u><\/strong><\/p>\n<p style=\"text-align: justify;\">PROCESSO LICITAT\u00d3RIO 70\/2025,\u00a0CONCORR\u00caNCIA ELETR\u00d4NICA 01\/2025, do tipo\u00a0<u>MENOR PRE\u00c7O.<\/u>\u00a0Objeto:\u00a0<strong>CONTRATA\u00c7\u00c3O DE EMPRESA ESPECIALIZADA PARA EXECU\u00c7\u00c3O DOS SERVI\u00c7OS DE REFORMA DA PINTURA E AMPLIA\u00c7\u00c3O DO ALMOXARIFADO DA UNIDADE DA FARM\u00c1CIA DE MINAS \u201cJANDIR SILVA\u201d, LOCALIZADA NO MUNIC\u00cdPIO DE CORONEL XAVIER CHAVES\/MG, BEM P\u00daBLICO DE PROPRIEDADE DA PREFEITURA MUNICIPAL.\u00a0<\/strong>A Prefeitura Municipal de Coronel Xavier Chaves\/MG, torna p\u00fablico para conhecimento dos interessados, que foram realizadas altera\u00e7\u00f5es no edital do processo supracitado.\u00a0Limite de acolhimento das propostas: dia 07\/08\/2025 \u00e0s 07h59min.\u00a0<strong>DISPUTA: 07\/08\/2025, \u00e0s 08h30min, na Plataforma LICITAPP<\/strong>,\u00a0<a href=\"https:\/\/coronelxavierchaves.licitapp.com.br\/\">https:\/\/coronelxavierchaves.licitapp.com.br\/\/<\/a>.\u00a0A errata e o edital est\u00e3o dispon\u00edveis no site\u00a0\u201c<a href=\"http:\/\/www.coronelxavierchaves.mg.gov.br\/\">www.coronelxavierchaves.mg.gov.br<\/a>&#8220;, mais informa\u00e7\u00f5es\u00a0na prefeitura municipal \u00e0 Rua Padre Reis, 84, Centro, Coronel Xavier Chaves\/MG, no hor\u00e1rio de 08h00min \u00e0s 12h00min e de 13h00min \u00e0s 16h00min. Tel.:\u00a0<u><a href=\"tel:%2832%29%203357-1235\">(32) 3216-105<\/a>3<\/u>\u00a0\/ (32) 9 9199-6496 (<em>Whatsapp<\/em>). Coronel Xavier Chaves, 23 de julho de 2025. Juliana Jaques Camargos \u2013 Agente de Contrata\u00e7\u00e3o.<\/p>\n<p style=\"text-align: center;\"><strong><u>AVISO DE LICITA\u00c7\u00c3O<\/u><\/strong><\/p>\n<p style=\"text-align: justify;\"><del>Prefeitura Municipal de Coronel Xavier Chaves\/MG. Aviso de Licita\u00e7\u00e3o &#8211; Processo Licitat\u00f3rio \u2013 70\/2025, Concorr\u00eancia Eletr\u00f4nica \u2013 01\/2025, do tipo\u00a0<u>Menor Pre\u00e7o.\u00a0<\/u>Objeto:\u00a0<strong>Contrata\u00e7\u00e3o de empresa especializada para execu\u00e7\u00e3o dos servi\u00e7os de reforma da pintura e amplia\u00e7\u00e3o do almoxarifado da unidade da Farm\u00e1cia de Minas \u201cJandir Silva\u201d, localizada no Munic\u00edpio de Coronel Xavier Chaves\/MG, bem p\u00fablico de propriedade da Prefeitura Municipal.<\/strong>\u00a0DISPUTA:\u00a0<strong>10\/07\/2025, \u00e0s 08h30min, na Plataforma LICITAPP<\/strong>,\u00a0<a href=\"https:\/\/coronelxavierchaves.licitapp.com.br\/\">https:\/\/coronelxavierchaves.licitapp.com.br\/\/<\/a>.\u00a0O edital est\u00e1 dispon\u00edvel no site\u00a0\u201c<a href=\"http:\/\/www.coronelxavierchaves.mg.gov.br\/\">www.coronelxavierchaves.mg.gov.br<\/a>&#8220;, mais informa\u00e7\u00f5es\u00a0na prefeitura municipal \u00e0 Rua Padre Reis, 84, Centro, Coronel Xavier Chaves\/MG, no hor\u00e1rio de 08h00min \u00e0s 12h00min e de 13h00min \u00e0s 16h00min. Tel.:\u00a0<a href=\"tel:%2832%29%203357-1235\">(32) 3216-1053<\/a>\/ (32) 9 9199-6496 (<em>Whatsapp<\/em>). Coronel Xavier Chaves, 25 de junho de 2025. Juliana Jaques Camargos \u2013 Agente de Contrata\u00e7\u00e3o.<\/del><\/p>\n<p>&nbsp;<\/p>\n<div class=\"printshowonly\">\n<p>*<b>PUBLICA\u00c7\u00c3O<\/b><\/p>\n<ul>\n<li>Um destaque desta publica\u00e7\u00e3o foi gerado na p\u00e1gina inicial do site, dispon\u00edvel at\u00e9 que demais publica\u00e7\u00f5es sejam realizadas.<\/li>\n<li>Uma publica\u00e7\u00e3o permanente foi feita na p\u00e1gina de Editais e Licita\u00e7\u00f5es.<\/li>\n<\/ul>\n<\/div>\n","protected":false},"excerpt":{"rendered":"<p>DOWNLOADS EDITAL, publicado em 25\/06\/2025 \u00e0s 16:36h. SUSPENS\u00c3O, publicado em 08\/07\/2025 \u00e0s 19:43h. ERRATA, publicado em 23\/07\/2025 \u00e0s 16:26h. EDITAL RETIFICADO, publicado em 23\/07\/2025 \u00e0s 16:26h. CONTRATO, publicado em 04\/09\/2025 \u00e0s 15:08h. ORDEM DE SERVI\u00c7O, publicado em 04\/09\/2025 \u00e0s 15:08h. AVISO DE RETIFICA\u00c7\u00c3O PROCESSO LICITAT\u00d3RIO 70\/2025,\u00a0CONCORR\u00caNCIA ELETR\u00d4NICA 01\/2025, do tipo\u00a0MENOR PRE\u00c7O.\u00a0Objeto:\u00a0CONTRATA\u00c7\u00c3O DE EMPRESA ESPECIALIZADA PARA [&hellip;]<\/p>\n","protected":false},"author":3,"featured_media":4366,"comment_status":"closed","ping_status":"closed","sticky":false,"template":"","format":"standard","meta":{"footnotes":"","_links_to":"","_links_to_target":""},"categories":[135],"tags":[],"class_list":{"0":"post-24296","1":"post","2":"type-post","3":"status-publish","4":"format-standard","5":"has-post-thumbnail","7":"category-editais-de-licitacao-2025"},"_links":{"self":[{"href":"https:\/\/coronelxavierchaves.mg.gov.br\/prefeitura\/wp-json\/wp\/v2\/posts\/24296","targetHints":{"allow":["GET"]}}],"collection":[{"href":"https:\/\/coronelxavierchaves.mg.gov.br\/prefeitura\/wp-json\/wp\/v2\/posts"}],"about":[{"href":"https:\/\/coronelxavierchaves.mg.gov.br\/prefeitura\/wp-json\/wp\/v2\/types\/post"}],"author":[{"embeddable":true,"href":"https:\/\/coronelxavierchaves.mg.gov.br\/prefeitura\/wp-json\/wp\/v2\/users\/3"}],"replies":[{"embeddable":true,"href":"https:\/\/coronelxavierchaves.mg.gov.br\/prefeitura\/wp-json\/wp\/v2\/comments?post=24296"}],"version-history":[{"count":6,"href":"https:\/\/coronelxavierchaves.mg.gov.br\/prefeitura\/wp-json\/wp\/v2\/posts\/24296\/revisions"}],"predecessor-version":[{"id":24996,"href":"https:\/\/coronelxavierchaves.mg.gov.br\/prefeitura\/wp-json\/wp\/v2\/posts\/24296\/revisions\/24996"}],"wp:featuredmedia":[{"embeddable":true,"href":"https:\/\/coronelxavierchaves.mg.gov.br\/prefeitura\/wp-json\/wp\/v2\/media\/4366"}],"wp:attachment":[{"href":"https:\/\/coronelxavierchaves.mg.gov.br\/prefeitura\/wp-json\/wp\/v2\/media?parent=24296"}],"wp:term":[{"taxonomy":"category","embeddable":true,"href":"https:\/\/coronelxavierchaves.mg.gov.br\/prefeitura\/wp-json\/wp\/v2\/categories?post=24296"},{"taxonomy":"post_tag","embeddable":true,"href":"https:\/\/coronelxavierchaves.mg.gov.br\/prefeitura\/wp-json\/wp\/v2\/tags?post=24296"}],"curies":[{"name":"wp","href":"https:\/\/api.w.org\/{rel}","templated":true}]}}