{"id":24306,"date":"2025-06-26T15:40:06","date_gmt":"2025-06-26T18:40:06","guid":{"rendered":"https:\/\/coronelxavierchaves.mg.gov.br\/prefeitura\/?p=24306"},"modified":"2025-06-26T15:40:06","modified_gmt":"2025-06-26T18:40:06","slug":"edital-de-convocacao-temporaria-concurso-001-2024-faxineiro-3","status":"publish","type":"post","link":"https:\/\/coronelxavierchaves.mg.gov.br\/prefeitura\/2025\/06\/26\/edital-de-convocacao-temporaria-concurso-001-2024-faxineiro-3\/","title":{"rendered":"Edital de Convoca\u00e7\u00e3o Tempor\u00e1ria Concurso 001\/2024 &#8211; Faxineiro"},"content":{"rendered":"<p style=\"text-align: justify;\">\u00a0Edital de Convoca\u00e7\u00e3o do Processo Seletivo 001\/2024.<\/p>\n<ul>\n<li><a href=\"https:\/\/coronelxavierchaves.mg.gov.br\/prefeitura\/wp-content\/uploads\/2025\/06\/EDITAL-DE-CONVOCACAO-CONCURSO-01-2024-Faxineiro1-2.pdf\">EDITAL DE CONVOCA\u00c7\u00c3O: FAXINEIRO<\/a>, publicado em 26\/06\/2025 \u00e0s 15:40h.<\/li>\n<\/ul>\n","protected":false},"excerpt":{"rendered":"<p>\u00a0Edital de Convoca\u00e7\u00e3o do Processo Seletivo 001\/2024. EDITAL DE CONVOCA\u00c7\u00c3O: FAXINEIRO, publicado em 26\/06\/2025 \u00e0s 15:40h.<\/p>\n","protected":false},"author":3,"featured_media":4366,"comment_status":"closed","ping_status":"closed","sticky":false,"template":"","format":"standard","meta":{"footnotes":"","_links_to":"","_links_to_target":""},"categories":[149],"tags":[],"class_list":{"0":"post-24306","1":"post","2":"type-post","3":"status-publish","4":"format-standard","5":"has-post-thumbnail","7":"category-convocacao-temporaria-2025"},"_links":{"self":[{"href":"https:\/\/coronelxavierchaves.mg.gov.br\/prefeitura\/wp-json\/wp\/v2\/posts\/24306","targetHints":{"allow":["GET"]}}],"collection":[{"href":"https:\/\/coronelxavierchaves.mg.gov.br\/prefeitura\/wp-json\/wp\/v2\/posts"}],"about":[{"href":"https:\/\/coronelxavierchaves.mg.gov.br\/prefeitura\/wp-json\/wp\/v2\/types\/post"}],"author":[{"embeddable":true,"href":"https:\/\/coronelxavierchaves.mg.gov.br\/prefeitura\/wp-json\/wp\/v2\/users\/3"}],"replies":[{"embeddable":true,"href":"https:\/\/coronelxavierchaves.mg.gov.br\/prefeitura\/wp-json\/wp\/v2\/comments?post=24306"}],"version-history":[{"count":1,"href":"https:\/\/coronelxavierchaves.mg.gov.br\/prefeitura\/wp-json\/wp\/v2\/posts\/24306\/revisions"}],"predecessor-version":[{"id":24308,"href":"https:\/\/coronelxavierchaves.mg.gov.br\/prefeitura\/wp-json\/wp\/v2\/posts\/24306\/revisions\/24308"}],"wp:featuredmedia":[{"embeddable":true,"href":"https:\/\/coronelxavierchaves.mg.gov.br\/prefeitura\/wp-json\/wp\/v2\/media\/4366"}],"wp:attachment":[{"href":"https:\/\/coronelxavierchaves.mg.gov.br\/prefeitura\/wp-json\/wp\/v2\/media?parent=24306"}],"wp:term":[{"taxonomy":"category","embeddable":true,"href":"https:\/\/coronelxavierchaves.mg.gov.br\/prefeitura\/wp-json\/wp\/v2\/categories?post=24306"},{"taxonomy":"post_tag","embeddable":true,"href":"https:\/\/coronelxavierchaves.mg.gov.br\/prefeitura\/wp-json\/wp\/v2\/tags?post=24306"}],"curies":[{"name":"wp","href":"https:\/\/api.w.org\/{rel}","templated":true}]}}