{"id":24316,"date":"2025-06-27T11:42:16","date_gmt":"2025-06-27T14:42:16","guid":{"rendered":"https:\/\/coronelxavierchaves.mg.gov.br\/prefeitura\/?p=24316"},"modified":"2025-07-03T15:35:28","modified_gmt":"2025-07-03T18:35:28","slug":"edital-004-2025-processo-seletivo-para-formadores-municipais-proleei","status":"publish","type":"post","link":"https:\/\/coronelxavierchaves.mg.gov.br\/prefeitura\/2025\/06\/27\/edital-004-2025-processo-seletivo-para-formadores-municipais-proleei\/","title":{"rendered":"Edital 004\/2025 &#8211; Processo Seletivo para Formadores Municipais &#8211; PROLEEI"},"content":{"rendered":"<ul>\n<li><a href=\"https:\/\/coronelxavierchaves.mg.gov.br\/prefeitura\/wp-content\/uploads\/2025\/06\/Edital-004-PROLEEI.pdf\">EDITAL<\/a>, publicado em 27\/06\/2025 \u00e0s 11:42h.<\/li>\n<li><a href=\"https:\/\/coronelxavierchaves.mg.gov.br\/prefeitura\/wp-content\/uploads\/2025\/06\/Errata_Edital_004_de_2025_assinado.pdf\">ERRATA<\/a>, publicado em 27\/06\/2025 \u00e0s 13:24h.<\/li>\n<li><a href=\"https:\/\/coronelxavierchaves.mg.gov.br\/prefeitura\/wp-content\/uploads\/2025\/07\/CLASSIFICACAO-DO-PROCESSO-SELETIVO-PARA-A-FUNCAO-DE-FORMADORA-004-2025.pdf\">CLASSIFICA\u00c7\u00c3O<\/a>, publicado em 03\/07\/2025 \u00e0s 15:35h.<\/li>\n<\/ul>\n","protected":false},"excerpt":{"rendered":"<p>EDITAL, publicado em 27\/06\/2025 \u00e0s 11:42h. ERRATA, publicado em 27\/06\/2025 \u00e0s 13:24h. CLASSIFICA\u00c7\u00c3O, publicado em 03\/07\/2025 \u00e0s 15:35h.<\/p>\n","protected":false},"author":3,"featured_media":4366,"comment_status":"closed","ping_status":"closed","sticky":false,"template":"","format":"standard","meta":{"footnotes":"","_links_to":"","_links_to_target":""},"categories":[140],"tags":[],"class_list":{"0":"post-24316","1":"post","2":"type-post","3":"status-publish","4":"format-standard","5":"has-post-thumbnail","7":"category-concursos-e-processos-seletivos-2025"},"_links":{"self":[{"href":"https:\/\/coronelxavierchaves.mg.gov.br\/prefeitura\/wp-json\/wp\/v2\/posts\/24316","targetHints":{"allow":["GET"]}}],"collection":[{"href":"https:\/\/coronelxavierchaves.mg.gov.br\/prefeitura\/wp-json\/wp\/v2\/posts"}],"about":[{"href":"https:\/\/coronelxavierchaves.mg.gov.br\/prefeitura\/wp-json\/wp\/v2\/types\/post"}],"author":[{"embeddable":true,"href":"https:\/\/coronelxavierchaves.mg.gov.br\/prefeitura\/wp-json\/wp\/v2\/users\/3"}],"replies":[{"embeddable":true,"href":"https:\/\/coronelxavierchaves.mg.gov.br\/prefeitura\/wp-json\/wp\/v2\/comments?post=24316"}],"version-history":[{"count":6,"href":"https:\/\/coronelxavierchaves.mg.gov.br\/prefeitura\/wp-json\/wp\/v2\/posts\/24316\/revisions"}],"predecessor-version":[{"id":24353,"href":"https:\/\/coronelxavierchaves.mg.gov.br\/prefeitura\/wp-json\/wp\/v2\/posts\/24316\/revisions\/24353"}],"wp:featuredmedia":[{"embeddable":true,"href":"https:\/\/coronelxavierchaves.mg.gov.br\/prefeitura\/wp-json\/wp\/v2\/media\/4366"}],"wp:attachment":[{"href":"https:\/\/coronelxavierchaves.mg.gov.br\/prefeitura\/wp-json\/wp\/v2\/media?parent=24316"}],"wp:term":[{"taxonomy":"category","embeddable":true,"href":"https:\/\/coronelxavierchaves.mg.gov.br\/prefeitura\/wp-json\/wp\/v2\/categories?post=24316"},{"taxonomy":"post_tag","embeddable":true,"href":"https:\/\/coronelxavierchaves.mg.gov.br\/prefeitura\/wp-json\/wp\/v2\/tags?post=24316"}],"curies":[{"name":"wp","href":"https:\/\/api.w.org\/{rel}","templated":true}]}}