{"id":24357,"date":"2025-07-03T16:46:45","date_gmt":"2025-07-03T19:46:45","guid":{"rendered":"https:\/\/coronelxavierchaves.mg.gov.br\/prefeitura\/?p=24357"},"modified":"2025-07-09T08:55:16","modified_gmt":"2025-07-09T11:55:16","slug":"manifestacao-de-interesse-para-dispensa-eletronica-pa-74-2025-contratacao-de-empresa-especializada-para-a-prestacao-de-servico-de-buffet","status":"publish","type":"post","link":"https:\/\/coronelxavierchaves.mg.gov.br\/prefeitura\/2025\/07\/03\/manifestacao-de-interesse-para-dispensa-eletronica-pa-74-2025-contratacao-de-empresa-especializada-para-a-prestacao-de-servico-de-buffet\/","title":{"rendered":"Manifesta\u00e7\u00e3o de interesse para dispensa eletr\u00f4nica (PA 74\/2025) &#8211; Contrata\u00e7\u00e3o de empresa especializada para a presta\u00e7\u00e3o de servi\u00e7o de buffet"},"content":{"rendered":"<blockquote>\n<p style=\"text-align: center;\">DOWNLOADS<\/p>\n<\/blockquote>\n<ul>\n<li style=\"list-style-type: none;\">\n<ul>\n<li style=\"list-style-type: none;\">\n<ul>\n<li><a href=\"https:\/\/coronelxavierchaves.mg.gov.br\/prefeitura\/wp-content\/uploads\/2025\/07\/AVISO-DE-DISPENSA-74-2025a.pdf\">AVISO DE DISPENSA<\/a>, publicado em 03\/07\/2025 \u00e0s 16:46h.<\/li>\n<li><a href=\"https:\/\/coronelxavierchaves.mg.gov.br\/prefeitura\/wp-content\/uploads\/2025\/07\/DECLARACAO-74-2025.pdf\">DECLARA\u00c7\u00c3O DE PROCESSO DESERTO<\/a>, publicado em 09\/07\/2025 \u00e0s 08:55h.<\/li>\n<\/ul>\n<\/li>\n<\/ul>\n<\/li>\n<\/ul>\n<blockquote>\n<p style=\"text-align: center;\">MANIFESTA\u00c7\u00c3O DE INTERESSE PARA DISPENSA ELETR\u00d4NICA<\/p>\n<\/blockquote>\n<p style=\"text-align: justify;\">Prefeitura Municipal de Coronel Xavier Chaves\/MG. Manifesta\u00e7\u00e3o de interesse para Dispensa Eletr\u00f4nica &#8211; Processo Administrativo \u2013 74\/2025, Dispensa Eletr\u00f4nica \u2013 22\/2025, do tipo\u00a0<u>Menor Pre\u00e7o por Item<b>.<\/b><\/u><b>\u00a0Objeto:\u00a0<\/b>\u00a0<b>CONTRATA\u00c7\u00c3O DE EMPRESA ESPECIALIZADA PARA A PRESTA\u00c7\u00c3O DE SERVI\u00c7O DE BUFFET, INCLUINDO PREPARO, FORNECIMENTO, MONTAGEM, SERVI\u00c7O E DESMONTAGEM, PARA O ALMO\u00c7O A SER SERVIDO DURANTE A REALIZA\u00c7\u00c3O DA 2\u00aa ASSEMBLEIA ITINERANTE DA AMVER \u2013 ASSOCIA\u00c7\u00c3O DOS MUNIC\u00cdPIOS DA MICRORREGI\u00c3O DOS CAMPOS DAS VERTENTES, A SER REALIZADA NO DIA 11 DE JULHO DE 2025, NA QUEIJARIA JACUBA (FAZENDA DUJAPA), NO MUNIC\u00cdPIO DE CORONEL XAVIER CHAVES\/MG<\/b><b>.<\/b>\u00a0Limite de acolhimento das propostas: dia 09\/07\/2025 \u00e0s 07h59min.\u00a0<b>DISPUTA: 09\/07\/2025, das 08h30min \u00e0s 09h30min,<\/b>\u00a0na Plataforma LICITAPP,\u00a0<a href=\"https:\/\/coronelxavierchaves.licitapp.com.br\/\" target=\"_blank\" rel=\"noopener\" data-saferedirecturl=\"https:\/\/www.google.com\/url?q=https:\/\/coronelxavierchaves.licitapp.com.br\/&amp;source=gmail&amp;ust=1751658153813000&amp;usg=AOvVaw0i77LbQGGNs14RxCY08IMv\">https:\/\/<wbr \/>coronelxavierchaves.licitapp.<wbr \/>com.br\/\/<\/a>.\u00a0O edital de Manifesta\u00e7\u00e3o de interesse para Dispensa Eletr\u00f4nica est\u00e1 dispon\u00edvel no site\u00a0\u201c<a href=\"http:\/\/www.coronelxavierchaves.mg.gov.br\/\" target=\"_blank\" rel=\"noopener\" data-saferedirecturl=\"https:\/\/www.google.com\/url?q=http:\/\/www.coronelxavierchaves.mg.gov.br\/&amp;source=gmail&amp;ust=1751658153813000&amp;usg=AOvVaw0l_g1W1fikufEzjC2DmrZU\">www.coronelxavierchaves.<wbr \/>mg.gov.br<\/a>&#8220;, mais informa\u00e7\u00f5es\u00a0na prefeitura municipal \u00e0 Rua Padre Reis, 84, Centro, Coronel Xavier Chaves\/MG, no hor\u00e1rio de 08h00min \u00e0s 12h00min e de 13h00min \u00e0s 16h00min. Tel.:\u00a0<a href=\"tel:%2832%29%203357-1235\" target=\"_blank\" rel=\"noopener\">(32) 3216-1053<\/a>\u00a0(<i>Ramais 109 e 110<\/i>)\/ (32) 9 9199-6496 (<i>Whatsapp<\/i>). Coronel Xavier Chaves, 03 de julho de 2025. Juliana Jaques Camargos \u2013 Agente de Contrata\u00e7\u00e3o.<\/p>\n<p>&#8212;&#8211;<\/p>\n<p>&nbsp;<\/p>\n<div class=\"printshowonly\">\n<p>*<b>PUBLICA\u00c7\u00c3O<\/b><\/p>\n<ul>\n<li>Um destaque desta publica\u00e7\u00e3o foi gerado na p\u00e1gina inicial do site, dispon\u00edvel at\u00e9 que demais publica\u00e7\u00f5es sejam realizadas.<\/li>\n<li>Uma publica\u00e7\u00e3o permanente foi feita na p\u00e1gina de Editais e Licita\u00e7\u00f5es.<\/li>\n<li>Link para acesso: http:\/\/coronelxavierchaves.mg.gov.br\/prefeitura\/wp-json\/wp\/v2\/posts\/24357<\/li>\n<\/ul>\n<\/div>\n","protected":false},"excerpt":{"rendered":"<p>DOWNLOADS AVISO DE DISPENSA, publicado em 03\/07\/2025 \u00e0s 16:46h. DECLARA\u00c7\u00c3O DE PROCESSO DESERTO, publicado em 09\/07\/2025 \u00e0s 08:55h. MANIFESTA\u00c7\u00c3O DE INTERESSE PARA DISPENSA ELETR\u00d4NICA Prefeitura Municipal de Coronel Xavier Chaves\/MG. Manifesta\u00e7\u00e3o de interesse para Dispensa Eletr\u00f4nica &#8211; Processo Administrativo \u2013 74\/2025, Dispensa Eletr\u00f4nica \u2013 22\/2025, do tipo\u00a0Menor Pre\u00e7o por Item.\u00a0Objeto:\u00a0\u00a0CONTRATA\u00c7\u00c3O DE EMPRESA ESPECIALIZADA PARA A [&hellip;]<\/p>\n","protected":false},"author":3,"featured_media":4366,"comment_status":"closed","ping_status":"closed","sticky":false,"template":"","format":"standard","meta":{"footnotes":"","_links_to":"","_links_to_target":""},"categories":[135],"tags":[],"class_list":{"0":"post-24357","1":"post","2":"type-post","3":"status-publish","4":"format-standard","5":"has-post-thumbnail","7":"category-editais-de-licitacao-2025"},"_links":{"self":[{"href":"https:\/\/coronelxavierchaves.mg.gov.br\/prefeitura\/wp-json\/wp\/v2\/posts\/24357","targetHints":{"allow":["GET"]}}],"collection":[{"href":"https:\/\/coronelxavierchaves.mg.gov.br\/prefeitura\/wp-json\/wp\/v2\/posts"}],"about":[{"href":"https:\/\/coronelxavierchaves.mg.gov.br\/prefeitura\/wp-json\/wp\/v2\/types\/post"}],"author":[{"embeddable":true,"href":"https:\/\/coronelxavierchaves.mg.gov.br\/prefeitura\/wp-json\/wp\/v2\/users\/3"}],"replies":[{"embeddable":true,"href":"https:\/\/coronelxavierchaves.mg.gov.br\/prefeitura\/wp-json\/wp\/v2\/comments?post=24357"}],"version-history":[{"count":4,"href":"https:\/\/coronelxavierchaves.mg.gov.br\/prefeitura\/wp-json\/wp\/v2\/posts\/24357\/revisions"}],"predecessor-version":[{"id":24394,"href":"https:\/\/coronelxavierchaves.mg.gov.br\/prefeitura\/wp-json\/wp\/v2\/posts\/24357\/revisions\/24394"}],"wp:featuredmedia":[{"embeddable":true,"href":"https:\/\/coronelxavierchaves.mg.gov.br\/prefeitura\/wp-json\/wp\/v2\/media\/4366"}],"wp:attachment":[{"href":"https:\/\/coronelxavierchaves.mg.gov.br\/prefeitura\/wp-json\/wp\/v2\/media?parent=24357"}],"wp:term":[{"taxonomy":"category","embeddable":true,"href":"https:\/\/coronelxavierchaves.mg.gov.br\/prefeitura\/wp-json\/wp\/v2\/categories?post=24357"},{"taxonomy":"post_tag","embeddable":true,"href":"https:\/\/coronelxavierchaves.mg.gov.br\/prefeitura\/wp-json\/wp\/v2\/tags?post=24357"}],"curies":[{"name":"wp","href":"https:\/\/api.w.org\/{rel}","templated":true}]}}