{"id":24369,"date":"2025-07-04T16:23:26","date_gmt":"2025-07-04T19:23:26","guid":{"rendered":"https:\/\/coronelxavierchaves.mg.gov.br\/prefeitura\/?p=24369"},"modified":"2025-07-21T12:24:50","modified_gmt":"2025-07-21T15:24:50","slug":"autorizacao-pa-71-2025-adesao-a-ata-de-registro-de-precos-derivada-com-objetivo-de-contratacao-de-empresa-para-prestacao-de-servicos-de-locacao-e-aquisicao-de-equipamentos-de-tecnologias-ip","status":"publish","type":"post","link":"https:\/\/coronelxavierchaves.mg.gov.br\/prefeitura\/2025\/07\/04\/autorizacao-pa-71-2025-adesao-a-ata-de-registro-de-precos-derivada-com-objetivo-de-contratacao-de-empresa-para-prestacao-de-servicos-de-locacao-e-aquisicao-de-equipamentos-de-tecnologias-ip\/","title":{"rendered":"Autoriza\u00e7\u00e3o (PA 71\/2025) &#8211; Ades\u00e3o \u00e0 Ata de Registro de Pre\u00e7os\u00a0derivada, com objetivo de contrata\u00e7\u00e3o de empresa para presta\u00e7\u00e3o de servi\u00e7os de loca\u00e7\u00e3o e aquisi\u00e7\u00e3o de equipamentos de tecnologias IP"},"content":{"rendered":"<blockquote><p>DOWNLOADS<\/p><\/blockquote>\n<ul>\n<li><a href=\"https:\/\/coronelxavierchaves.mg.gov.br\/prefeitura\/wp-content\/uploads\/2025\/07\/AUTORIZACAO-PARA-CONTRATACAO-71-2025.pdf\">AUTORIZA\u00c7\u00c3O<\/a>, publicado em 03\/07\/2025 \u00e0s 16:23h.<\/li>\n<\/ul>\n<blockquote><p>OBJETO<\/p><\/blockquote>\n<div style=\"text-align: justify;\">\n<div style=\"text-align: justify;\">\n<p style=\"font-weight: 400;\">Ades\u00e3o \u00e0 Ata de Registro de Pre\u00e7os\u00a0derivada do Processo Licitat\u00f3rio n\u00ba 105\/2024, Preg\u00e3o Eletr\u00f4nico n\u00ba 38\/2024, do Munic\u00edpio de Lagoa Dourada, com objetivo de contrata\u00e7\u00e3o de empresa especializada para presta\u00e7\u00e3o de servi\u00e7os de loca\u00e7\u00e3o e aquisi\u00e7\u00e3o de equipamentos de tecnologias IP para atendimento do sistema de videomonitoramento, centrais de alarme, telefonia e transmiss\u00e3o de rede WI-FI.<\/p>\n<\/div>\n<div>\n<p>&nbsp;<\/p>\n<div>\n<p>*<b>PUBLICA\u00c7\u00c3O<\/b><\/p>\n<ul>\n<li>Um destaque desta publica\u00e7\u00e3o foi gerado na p\u00e1gina inicial do site, dispon\u00edvel at\u00e9 que demais publica\u00e7\u00f5es sejam realizadas.<\/li>\n<li>Uma publica\u00e7\u00e3o permanente foi feita na p\u00e1gina de Editais e Licita\u00e7\u00f5es.<\/li>\n<\/ul>\n<\/div>\n<\/div>\n<\/div>\n","protected":false},"excerpt":{"rendered":"<p>DOWNLOADS AUTORIZA\u00c7\u00c3O, publicado em 03\/07\/2025 \u00e0s 16:23h. OBJETO Ades\u00e3o \u00e0 Ata de Registro de Pre\u00e7os\u00a0derivada do Processo Licitat\u00f3rio n\u00ba 105\/2024, Preg\u00e3o Eletr\u00f4nico n\u00ba 38\/2024, do Munic\u00edpio de Lagoa Dourada, com objetivo de contrata\u00e7\u00e3o de empresa especializada para presta\u00e7\u00e3o de servi\u00e7os de loca\u00e7\u00e3o e aquisi\u00e7\u00e3o de equipamentos de tecnologias IP para atendimento do sistema de videomonitoramento, [&hellip;]<\/p>\n","protected":false},"author":3,"featured_media":4367,"comment_status":"closed","ping_status":"closed","sticky":false,"template":"","format":"standard","meta":{"footnotes":"","_links_to":"","_links_to_target":""},"categories":[135],"tags":[],"class_list":{"0":"post-24369","1":"post","2":"type-post","3":"status-publish","4":"format-standard","5":"has-post-thumbnail","7":"category-editais-de-licitacao-2025"},"_links":{"self":[{"href":"https:\/\/coronelxavierchaves.mg.gov.br\/prefeitura\/wp-json\/wp\/v2\/posts\/24369","targetHints":{"allow":["GET"]}}],"collection":[{"href":"https:\/\/coronelxavierchaves.mg.gov.br\/prefeitura\/wp-json\/wp\/v2\/posts"}],"about":[{"href":"https:\/\/coronelxavierchaves.mg.gov.br\/prefeitura\/wp-json\/wp\/v2\/types\/post"}],"author":[{"embeddable":true,"href":"https:\/\/coronelxavierchaves.mg.gov.br\/prefeitura\/wp-json\/wp\/v2\/users\/3"}],"replies":[{"embeddable":true,"href":"https:\/\/coronelxavierchaves.mg.gov.br\/prefeitura\/wp-json\/wp\/v2\/comments?post=24369"}],"version-history":[{"count":1,"href":"https:\/\/coronelxavierchaves.mg.gov.br\/prefeitura\/wp-json\/wp\/v2\/posts\/24369\/revisions"}],"predecessor-version":[{"id":24371,"href":"https:\/\/coronelxavierchaves.mg.gov.br\/prefeitura\/wp-json\/wp\/v2\/posts\/24369\/revisions\/24371"}],"wp:featuredmedia":[{"embeddable":true,"href":"https:\/\/coronelxavierchaves.mg.gov.br\/prefeitura\/wp-json\/wp\/v2\/media\/4367"}],"wp:attachment":[{"href":"https:\/\/coronelxavierchaves.mg.gov.br\/prefeitura\/wp-json\/wp\/v2\/media?parent=24369"}],"wp:term":[{"taxonomy":"category","embeddable":true,"href":"https:\/\/coronelxavierchaves.mg.gov.br\/prefeitura\/wp-json\/wp\/v2\/categories?post=24369"},{"taxonomy":"post_tag","embeddable":true,"href":"https:\/\/coronelxavierchaves.mg.gov.br\/prefeitura\/wp-json\/wp\/v2\/tags?post=24369"}],"curies":[{"name":"wp","href":"https:\/\/api.w.org\/{rel}","templated":true}]}}