{"id":24383,"date":"2025-07-08T14:57:35","date_gmt":"2025-07-08T17:57:35","guid":{"rendered":"https:\/\/coronelxavierchaves.mg.gov.br\/prefeitura\/?p=24383"},"modified":"2026-02-13T16:03:28","modified_gmt":"2026-02-13T19:03:28","slug":"aviso-de-licitacao-pl-75-2025-contratacao-de-empresa-especializada-para-execucao-de-servicos-de-engenharia-na-escola-municipal-sebastiao-patricio-pinto","status":"publish","type":"post","link":"https:\/\/coronelxavierchaves.mg.gov.br\/prefeitura\/2025\/07\/08\/aviso-de-licitacao-pl-75-2025-contratacao-de-empresa-especializada-para-execucao-de-servicos-de-engenharia-na-escola-municipal-sebastiao-patricio-pinto\/","title":{"rendered":"Aviso de Licita\u00e7\u00e3o (PL 75\/2025) &#8211; Contrata\u00e7\u00e3o de empresa especializada para execu\u00e7\u00e3o de servi\u00e7os de engenharia na Escola Municipal \u201cSebasti\u00e3o Patr\u00edcio Pinto\u201d"},"content":{"rendered":"<blockquote>\n<p style=\"text-align: center;\">DOWNLOADS<\/p>\n<\/blockquote>\n<ul>\n<li style=\"list-style-type: none;\">\n<ul>\n<li><a href=\"https:\/\/coronelxavierchaves.mg.gov.br\/prefeitura\/wp-content\/uploads\/2025\/07\/EDITAL-DE-LICITACAO-75-2025.pdf\">EDITAL<\/a>, publicado em 08\/07\/2025 \u00e0s 14:57h.<\/li>\n<li><a href=\"https:\/\/coronelxavierchaves.mg.gov.br\/prefeitura\/wp-content\/uploads\/2025\/08\/CONTRATO-VIFRAN-75-2025.pdf\">CONTRATO<\/a>, publicado em 19\/08\/2025 \u00e0s 09:08h.<\/li>\n<li><a href=\"https:\/\/coronelxavierchaves.mg.gov.br\/prefeitura\/wp-content\/uploads\/2025\/08\/ORDEM-DE-SERVICO-75-2025.pdf\">ORDEM DE SERVI\u00c7O<\/a>, publicado em 19\/08\/2025 \u00e0s 09:08h.<\/li>\n<li><a href=\"https:\/\/coronelxavierchaves.mg.gov.br\/prefeitura\/wp-content\/uploads\/2025\/10\/1o-TA-VIFRAN-PUBLICAR.pdf\">1\u00ba TERMO ADITIVO<\/a>, publicado em 28\/10\/2025 \u00e0s 11:38h.<\/li>\n<li><a href=\"https:\/\/coronelxavierchaves.mg.gov.br\/prefeitura\/wp-content\/uploads\/2026\/02\/2o-TERMO-ADITIVO-75-2025.pdf\">2\u00ba TERMO ADITIVO<\/a>, publicado em 13\/02\/2026 \u00e0s 15:58h.<\/li>\n<li><a href=\"https:\/\/coronelxavierchaves.mg.gov.br\/prefeitura\/wp-content\/uploads\/2026\/02\/RESCISAO-75-2025.pdf\">TERMO DE RESCIS\u00c3O UNILATERAL<\/a>, publicado em 13\/02\/2026 \u00e0s 16:03h.<\/li>\n<\/ul>\n<\/li>\n<\/ul>\n<p>&nbsp;<\/p>\n<p style=\"text-align: center;\"><strong><u>AVISO DE LICITA\u00c7\u00c3O<\/u><\/strong><\/p>\n<p style=\"text-align: justify;\">Prefeitura Municipal de Coronel Xavier Chaves\/MG. Aviso de Licita\u00e7\u00e3o &#8211; Processo Licitat\u00f3rio \u2013 75\/2025, Concorr\u00eancia Eletr\u00f4nica \u2013 02\/2025, do tipo\u00a0<u>Menor Pre\u00e7o.\u00a0<\/u>Objeto:\u00a0<strong>Contrata\u00e7\u00e3o de empresa especializada para execu\u00e7\u00e3o de servi\u00e7os de engenharia na Escola Municipal \u201cSebasti\u00e3o Patr\u00edcio Pinto\u201d, localizada no Munic\u00edpio de Coronel Xavier Chaves\/MG, contemplando: reforma e refor\u00e7o estrutural do muro de arrimo; aplica\u00e7\u00e3o de revestimento em pastilhas nas paredes dos corredores; instala\u00e7\u00e3o de calhas de capta\u00e7\u00e3o pluvial; pintura da escola, da quadra poliesportiva e do audit\u00f3rio; e pintura externa da edifica\u00e7\u00e3o da biblioteca.<\/strong>\u00a0<strong>DISPUTA: 23\/07\/2025, \u00e0s 08h30min, na Plataforma LICITAPP<\/strong>,\u00a0<a href=\"https:\/\/coronelxavierchaves.licitapp.com.br\/\">https:\/\/coronelxavierchaves.licitapp.com.br\/\/<\/a>.\u00a0O edital est\u00e1 dispon\u00edvel no site\u00a0\u201c<a href=\"http:\/\/www.coronelxavierchaves.mg.gov.br\/\">www.coronelxavierchaves.mg.gov.br<\/a>&#8220;, mais informa\u00e7\u00f5es\u00a0na prefeitura municipal \u00e0 Rua Padre Reis, 84, Centro, Coronel Xavier Chaves\/MG, no hor\u00e1rio de 08h00min \u00e0s 12h00min e de 13h00min \u00e0s 16h00min. Tel.:\u00a0<a href=\"tel:%2832%29%203357-1235\">(32) 3216-1053<\/a>\/ (32) 9 9199-6496 (<em>Whatsapp<\/em>). Coronel Xavier Chaves, 08 de julho de 2025. Juliana Jaques Camargos \u2013 Agente de Contrata\u00e7\u00e3o.<\/p>\n<p>&nbsp;<\/p>\n<div class=\"printshowonly\">\n<p>*<b>PUBLICA\u00c7\u00c3O<\/b><\/p>\n<ul>\n<li>Um destaque desta publica\u00e7\u00e3o foi gerado na p\u00e1gina inicial do site, dispon\u00edvel at\u00e9 que demais publica\u00e7\u00f5es sejam realizadas.<\/li>\n<li>Uma publica\u00e7\u00e3o permanente foi feita na p\u00e1gina de Editais e Licita\u00e7\u00f5es.<\/li>\n<\/ul>\n<\/div>\n","protected":false},"excerpt":{"rendered":"<p>DOWNLOADS EDITAL, publicado em 08\/07\/2025 \u00e0s 14:57h. CONTRATO, publicado em 19\/08\/2025 \u00e0s 09:08h. ORDEM DE SERVI\u00c7O, publicado em 19\/08\/2025 \u00e0s 09:08h. 1\u00ba TERMO ADITIVO, publicado em 28\/10\/2025 \u00e0s 11:38h. 2\u00ba TERMO ADITIVO, publicado em 13\/02\/2026 \u00e0s 15:58h. TERMO DE RESCIS\u00c3O UNILATERAL, publicado em 13\/02\/2026 \u00e0s 16:03h. &nbsp; AVISO DE LICITA\u00c7\u00c3O Prefeitura Municipal de Coronel Xavier [&hellip;]<\/p>\n","protected":false},"author":3,"featured_media":4366,"comment_status":"closed","ping_status":"closed","sticky":false,"template":"","format":"standard","meta":{"footnotes":"","_links_to":"","_links_to_target":""},"categories":[135],"tags":[],"class_list":{"0":"post-24383","1":"post","2":"type-post","3":"status-publish","4":"format-standard","5":"has-post-thumbnail","7":"category-editais-de-licitacao-2025"},"_links":{"self":[{"href":"https:\/\/coronelxavierchaves.mg.gov.br\/prefeitura\/wp-json\/wp\/v2\/posts\/24383","targetHints":{"allow":["GET"]}}],"collection":[{"href":"https:\/\/coronelxavierchaves.mg.gov.br\/prefeitura\/wp-json\/wp\/v2\/posts"}],"about":[{"href":"https:\/\/coronelxavierchaves.mg.gov.br\/prefeitura\/wp-json\/wp\/v2\/types\/post"}],"author":[{"embeddable":true,"href":"https:\/\/coronelxavierchaves.mg.gov.br\/prefeitura\/wp-json\/wp\/v2\/users\/3"}],"replies":[{"embeddable":true,"href":"https:\/\/coronelxavierchaves.mg.gov.br\/prefeitura\/wp-json\/wp\/v2\/comments?post=24383"}],"version-history":[{"count":6,"href":"https:\/\/coronelxavierchaves.mg.gov.br\/prefeitura\/wp-json\/wp\/v2\/posts\/24383\/revisions"}],"predecessor-version":[{"id":26817,"href":"https:\/\/coronelxavierchaves.mg.gov.br\/prefeitura\/wp-json\/wp\/v2\/posts\/24383\/revisions\/26817"}],"wp:featuredmedia":[{"embeddable":true,"href":"https:\/\/coronelxavierchaves.mg.gov.br\/prefeitura\/wp-json\/wp\/v2\/media\/4366"}],"wp:attachment":[{"href":"https:\/\/coronelxavierchaves.mg.gov.br\/prefeitura\/wp-json\/wp\/v2\/media?parent=24383"}],"wp:term":[{"taxonomy":"category","embeddable":true,"href":"https:\/\/coronelxavierchaves.mg.gov.br\/prefeitura\/wp-json\/wp\/v2\/categories?post=24383"},{"taxonomy":"post_tag","embeddable":true,"href":"https:\/\/coronelxavierchaves.mg.gov.br\/prefeitura\/wp-json\/wp\/v2\/tags?post=24383"}],"curies":[{"name":"wp","href":"https:\/\/api.w.org\/{rel}","templated":true}]}}