{"id":24386,"date":"2025-07-08T19:43:20","date_gmt":"2025-07-08T22:43:20","guid":{"rendered":"https:\/\/coronelxavierchaves.mg.gov.br\/prefeitura\/?p=24386"},"modified":"2025-07-08T19:43:20","modified_gmt":"2025-07-08T22:43:20","slug":"suspensao-de-processo-licitatorio-pl-70-2025-contratacao-de-empresa-especializada-para-execucao-dos-servicos-de-reforma-da-pintura-e-ampliacao-do-almoxarifado-da-unidade-da-farmacia-de-minas","status":"publish","type":"post","link":"https:\/\/coronelxavierchaves.mg.gov.br\/prefeitura\/2025\/07\/08\/suspensao-de-processo-licitatorio-pl-70-2025-contratacao-de-empresa-especializada-para-execucao-dos-servicos-de-reforma-da-pintura-e-ampliacao-do-almoxarifado-da-unidade-da-farmacia-de-minas\/","title":{"rendered":"Suspens\u00e3o de Processo Licitat\u00f3rio (PL 70\/2025) &#8211; Contrata\u00e7\u00e3o de empresa especializada para execu\u00e7\u00e3o dos servi\u00e7os de reforma da pintura e amplia\u00e7\u00e3o do almoxarifado da unidade da Farm\u00e1cia de Minas"},"content":{"rendered":"<blockquote><p>DOWNLOADS<\/p><\/blockquote>\n<ul>\n<li><a href=\"https:\/\/coronelxavierchaves.mg.gov.br\/prefeitura\/wp-content\/uploads\/2025\/07\/SUSPENSAO-DE-PROCESSO-70-2025.pdf\">SUSPENS\u00c3O<\/a>, publicado em 08\/07\/2025 \u00e0s 19:43h.<\/li>\n<\/ul>\n<blockquote><p>OBJETO<\/p><\/blockquote>\n<div style=\"text-align: justify;\">\n<div style=\"text-align: justify;\">\n<p>Contrata\u00e7\u00e3o de empresa especializada para execu\u00e7\u00e3o dos servi\u00e7os de reforma da pintura e amplia\u00e7\u00e3o do almoxarifado da unidade da Farm\u00e1cia de Minas \u201cJandir Silva\u201d, localizada no Munic\u00edpio de Coronel Xavier Chaves\/MG, bem p\u00fablico de propriedade da Prefeitura Municipal.<\/p>\n<\/div>\n<\/div>\n<p>&nbsp;<\/p>\n<div class=\"printshowonly\">\n<p>*<b>PUBLICA\u00c7\u00c3O<\/b><\/p>\n<ul>\n<li>Um destaque desta publica\u00e7\u00e3o foi gerado na p\u00e1gina inicial do site, dispon\u00edvel at\u00e9 que demais publica\u00e7\u00f5es sejam realizadas.<\/li>\n<li>Uma publica\u00e7\u00e3o permanente foi feita na p\u00e1gina de Editais e Licita\u00e7\u00f5es.<\/li>\n<li>Link para acesso:http:\/\/coronelxavierchaves.mg.gov.br\/prefeitura\/wp-json\/wp\/v2\/posts\/24386<\/li>\n<\/ul>\n<\/div>\n","protected":false},"excerpt":{"rendered":"<p>DOWNLOADS SUSPENS\u00c3O, publicado em 08\/07\/2025 \u00e0s 19:43h. OBJETO Contrata\u00e7\u00e3o de empresa especializada para execu\u00e7\u00e3o dos servi\u00e7os de reforma da pintura e amplia\u00e7\u00e3o do almoxarifado da unidade da Farm\u00e1cia de Minas \u201cJandir Silva\u201d, localizada no Munic\u00edpio de Coronel Xavier Chaves\/MG, bem p\u00fablico de propriedade da Prefeitura Municipal. &nbsp; *PUBLICA\u00c7\u00c3O Um destaque desta publica\u00e7\u00e3o foi gerado na [&hellip;]<\/p>\n","protected":false},"author":3,"featured_media":4367,"comment_status":"closed","ping_status":"closed","sticky":false,"template":"","format":"standard","meta":{"footnotes":"","_links_to":"","_links_to_target":""},"categories":[139],"tags":[],"class_list":{"0":"post-24386","1":"post","2":"type-post","3":"status-publish","4":"format-standard","5":"has-post-thumbnail","7":"category-contratos-aditivos-atas-e-outros-2025"},"_links":{"self":[{"href":"https:\/\/coronelxavierchaves.mg.gov.br\/prefeitura\/wp-json\/wp\/v2\/posts\/24386","targetHints":{"allow":["GET"]}}],"collection":[{"href":"https:\/\/coronelxavierchaves.mg.gov.br\/prefeitura\/wp-json\/wp\/v2\/posts"}],"about":[{"href":"https:\/\/coronelxavierchaves.mg.gov.br\/prefeitura\/wp-json\/wp\/v2\/types\/post"}],"author":[{"embeddable":true,"href":"https:\/\/coronelxavierchaves.mg.gov.br\/prefeitura\/wp-json\/wp\/v2\/users\/3"}],"replies":[{"embeddable":true,"href":"https:\/\/coronelxavierchaves.mg.gov.br\/prefeitura\/wp-json\/wp\/v2\/comments?post=24386"}],"version-history":[{"count":1,"href":"https:\/\/coronelxavierchaves.mg.gov.br\/prefeitura\/wp-json\/wp\/v2\/posts\/24386\/revisions"}],"predecessor-version":[{"id":24389,"href":"https:\/\/coronelxavierchaves.mg.gov.br\/prefeitura\/wp-json\/wp\/v2\/posts\/24386\/revisions\/24389"}],"wp:featuredmedia":[{"embeddable":true,"href":"https:\/\/coronelxavierchaves.mg.gov.br\/prefeitura\/wp-json\/wp\/v2\/media\/4367"}],"wp:attachment":[{"href":"https:\/\/coronelxavierchaves.mg.gov.br\/prefeitura\/wp-json\/wp\/v2\/media?parent=24386"}],"wp:term":[{"taxonomy":"category","embeddable":true,"href":"https:\/\/coronelxavierchaves.mg.gov.br\/prefeitura\/wp-json\/wp\/v2\/categories?post=24386"},{"taxonomy":"post_tag","embeddable":true,"href":"https:\/\/coronelxavierchaves.mg.gov.br\/prefeitura\/wp-json\/wp\/v2\/tags?post=24386"}],"curies":[{"name":"wp","href":"https:\/\/api.w.org\/{rel}","templated":true}]}}