{"id":24409,"date":"2025-07-09T11:27:05","date_gmt":"2025-07-09T14:27:05","guid":{"rendered":"https:\/\/coronelxavierchaves.mg.gov.br\/prefeitura\/?p=24409"},"modified":"2025-07-09T11:27:05","modified_gmt":"2025-07-09T14:27:05","slug":"atas-de-registro-de-precos-pl-68-2025-registro-de-precos-para-futura-e-eventual-aquisicao-de-materiais-esportivos","status":"publish","type":"post","link":"https:\/\/coronelxavierchaves.mg.gov.br\/prefeitura\/2025\/07\/09\/atas-de-registro-de-precos-pl-68-2025-registro-de-precos-para-futura-e-eventual-aquisicao-de-materiais-esportivos\/","title":{"rendered":"Atas de registro de pre\u00e7os (PL 68\/2025) &#8211; Registro de pre\u00e7os para futura e eventual aquisi\u00e7\u00e3o de materiais esportivos"},"content":{"rendered":"<blockquote><p>DOWNLOADS<\/p><\/blockquote>\n<ul>\n<li><a href=\"https:\/\/coronelxavierchaves.mg.gov.br\/prefeitura\/wp-content\/uploads\/2025\/07\/ARP-GRAFICA-PRODATA.pdf\">ATA DE REGISTRO DE PRE\u00c7OS: GRAFICA PRODATA<\/a>, publicado em 09\/07\/2025 \u00e0s 11:27h<\/li>\n<li><a href=\"https:\/\/coronelxavierchaves.mg.gov.br\/prefeitura\/wp-content\/uploads\/2025\/07\/ARP-TRZ.pdf\">ATA DE REGISTRO DE PRE\u00c7OS: TRZ<\/a>, publicado em 09\/07\/2025 \u00e0s 11:27h<\/li>\n<li><a href=\"https:\/\/coronelxavierchaves.mg.gov.br\/prefeitura\/wp-content\/uploads\/2025\/07\/ARP-WAGNER.pdf\">ATA DE REGISTRO DE PRE\u00c7OS: WAGNER<\/a>, publicado em 09\/07\/2025 \u00e0s 11:27h<\/li>\n<li><a href=\"https:\/\/coronelxavierchaves.mg.gov.br\/prefeitura\/wp-content\/uploads\/2025\/07\/ARP-WCA.pdf\">ATA DE REGISTRO DE PRE\u00c7OS: WCA<\/a>, publicado em 09\/07\/2025 \u00e0s 11:27h<\/li>\n<li><a href=\"https:\/\/coronelxavierchaves.mg.gov.br\/prefeitura\/wp-content\/uploads\/2025\/07\/ARP-ERNANI.pdf\">ATA DE REGISTRO DE PRE\u00c7OS: ERNANI<\/a>, publicado em 09\/07\/2025 \u00e0s 11:57h<\/li>\n<li><a href=\"https:\/\/coronelxavierchaves.mg.gov.br\/prefeitura\/wp-content\/uploads\/2025\/07\/ARP-ORTHOVIDA.pdf\">ATA DE REGISTRO DE PRE\u00c7OS: ORTHOVIDA<\/a>, publicado em 09\/07\/2025 \u00e0s 11:27h<\/li>\n<\/ul>\n<blockquote><p>OBJETO<\/p><\/blockquote>\n<div style=\"text-align: justify;\">\n<div style=\"text-align: justify;\">Registro de pre\u00e7os para futura e eventual aquisi\u00e7\u00e3o de materiais esportivos, com o objetivo de atender \u00e0s demandas operacionais da Secretaria Municipal de Cultura, Turismo, Esporte e Lazer do munic\u00edpio de Coronel Xavier Chaves\/MG.<\/div>\n<div>\n<p>&nbsp;<\/p>\n<div>\n<p>*<b>PUBLICA\u00c7\u00c3O<\/b><\/p>\n<ul>\n<li>Um destaque desta publica\u00e7\u00e3o foi gerado na p\u00e1gina inicial do site, dispon\u00edvel at\u00e9 que demais publica\u00e7\u00f5es sejam realizadas.<\/li>\n<li>Uma publica\u00e7\u00e3o permanente foi feita na p\u00e1gina de Editais e Licita\u00e7\u00f5es.<\/li>\n<li>Link para acesso:\u00a0http:\/\/coronelxavierchaves.mg.gov.br\/prefeitura\/wp-json\/wp\/v2\/posts\/24409<\/li>\n<\/ul>\n<\/div>\n<\/div>\n<\/div>\n","protected":false},"excerpt":{"rendered":"<p>DOWNLOADS ATA DE REGISTRO DE PRE\u00c7OS: GRAFICA PRODATA, publicado em 09\/07\/2025 \u00e0s 11:27h ATA DE REGISTRO DE PRE\u00c7OS: TRZ, publicado em 09\/07\/2025 \u00e0s 11:27h ATA DE REGISTRO DE PRE\u00c7OS: WAGNER, publicado em 09\/07\/2025 \u00e0s 11:27h ATA DE REGISTRO DE PRE\u00c7OS: WCA, publicado em 09\/07\/2025 \u00e0s 11:27h ATA DE REGISTRO DE PRE\u00c7OS: ERNANI, publicado em 09\/07\/2025 [&hellip;]<\/p>\n","protected":false},"author":3,"featured_media":4367,"comment_status":"closed","ping_status":"closed","sticky":false,"template":"","format":"standard","meta":{"footnotes":"","_links_to":"","_links_to_target":""},"categories":[139],"tags":[],"class_list":{"0":"post-24409","1":"post","2":"type-post","3":"status-publish","4":"format-standard","5":"has-post-thumbnail","7":"category-contratos-aditivos-atas-e-outros-2025"},"_links":{"self":[{"href":"https:\/\/coronelxavierchaves.mg.gov.br\/prefeitura\/wp-json\/wp\/v2\/posts\/24409","targetHints":{"allow":["GET"]}}],"collection":[{"href":"https:\/\/coronelxavierchaves.mg.gov.br\/prefeitura\/wp-json\/wp\/v2\/posts"}],"about":[{"href":"https:\/\/coronelxavierchaves.mg.gov.br\/prefeitura\/wp-json\/wp\/v2\/types\/post"}],"author":[{"embeddable":true,"href":"https:\/\/coronelxavierchaves.mg.gov.br\/prefeitura\/wp-json\/wp\/v2\/users\/3"}],"replies":[{"embeddable":true,"href":"https:\/\/coronelxavierchaves.mg.gov.br\/prefeitura\/wp-json\/wp\/v2\/comments?post=24409"}],"version-history":[{"count":1,"href":"https:\/\/coronelxavierchaves.mg.gov.br\/prefeitura\/wp-json\/wp\/v2\/posts\/24409\/revisions"}],"predecessor-version":[{"id":24417,"href":"https:\/\/coronelxavierchaves.mg.gov.br\/prefeitura\/wp-json\/wp\/v2\/posts\/24409\/revisions\/24417"}],"wp:featuredmedia":[{"embeddable":true,"href":"https:\/\/coronelxavierchaves.mg.gov.br\/prefeitura\/wp-json\/wp\/v2\/media\/4367"}],"wp:attachment":[{"href":"https:\/\/coronelxavierchaves.mg.gov.br\/prefeitura\/wp-json\/wp\/v2\/media?parent=24409"}],"wp:term":[{"taxonomy":"category","embeddable":true,"href":"https:\/\/coronelxavierchaves.mg.gov.br\/prefeitura\/wp-json\/wp\/v2\/categories?post=24409"},{"taxonomy":"post_tag","embeddable":true,"href":"https:\/\/coronelxavierchaves.mg.gov.br\/prefeitura\/wp-json\/wp\/v2\/tags?post=24409"}],"curies":[{"name":"wp","href":"https:\/\/api.w.org\/{rel}","templated":true}]}}