{"id":24422,"date":"2025-07-09T12:22:13","date_gmt":"2025-07-09T15:22:13","guid":{"rendered":"https:\/\/coronelxavierchaves.mg.gov.br\/prefeitura\/?p=24422"},"modified":"2025-07-09T12:22:13","modified_gmt":"2025-07-09T15:22:13","slug":"contrato-direto-contratacao-de-empresa-especializada-para-a-prestacao-de-servico-de-buffet-amver","status":"publish","type":"post","link":"https:\/\/coronelxavierchaves.mg.gov.br\/prefeitura\/2025\/07\/09\/contrato-direto-contratacao-de-empresa-especializada-para-a-prestacao-de-servico-de-buffet-amver\/","title":{"rendered":"Contrato Direto: Contrata\u00e7\u00e3o de empresa especializada para a presta\u00e7\u00e3o de servi\u00e7o de buffet &#8211; AMVER"},"content":{"rendered":"<blockquote><p>DOWNLOADS<\/p><\/blockquote>\n<ul>\n<li><a href=\"https:\/\/coronelxavierchaves.mg.gov.br\/prefeitura\/wp-content\/uploads\/2025\/07\/CONTRATO-BUFFET-AMVER.pdf\">CONTRATO<\/a>, publicado em 09\/07\/2025 \u00e0s 12:22.<\/li>\n<\/ul>\n<blockquote><p>OBJETO<\/p><\/blockquote>\n<div style=\"text-align: justify;\">\n<div style=\"text-align: justify;\">\n<div style=\"text-align: justify;\"><b>CONTRATA\u00c7\u00c3O DE EMPRESA ESPECIALIZADA PARA A PRESTA\u00c7\u00c3O DE SERVI\u00c7O DE BUFFET, INCLUINDO PREPARO, FORNECIMENTO, MONTAGEM, SERVI\u00c7O E DESMONTAGEM, PARA O ALMO\u00c7O A SER SERVIDO DURANTE A REALIZA\u00c7\u00c3O DA 2\u00aa ASSEMBLEIA ITINERANTE DA AMVER \u2013 ASSOCIA\u00c7\u00c3O DOS MUNIC\u00cdPIOS DA MICRORREGI\u00c3O DOS CAMPOS DAS VERTENTES, A SER REALIZADA NO DIA 11 DE JULHO DE 2025, NA QUEIJARIA JACUBA (FAZENDA DUJAPA), NO MUNIC\u00cdPIO DE CORONEL XAVIER CHAVES\/MG.<\/b><\/div>\n<\/div>\n<\/div>\n","protected":false},"excerpt":{"rendered":"<p>DOWNLOADS CONTRATO, publicado em 09\/07\/2025 \u00e0s 12:22. OBJETO CONTRATA\u00c7\u00c3O DE EMPRESA ESPECIALIZADA PARA A PRESTA\u00c7\u00c3O DE SERVI\u00c7O DE BUFFET, INCLUINDO PREPARO, FORNECIMENTO, MONTAGEM, SERVI\u00c7O E DESMONTAGEM, PARA O ALMO\u00c7O A SER SERVIDO DURANTE A REALIZA\u00c7\u00c3O DA 2\u00aa ASSEMBLEIA ITINERANTE DA AMVER \u2013 ASSOCIA\u00c7\u00c3O DOS MUNIC\u00cdPIOS DA MICRORREGI\u00c3O DOS CAMPOS DAS VERTENTES, A SER REALIZADA NO [&hellip;]<\/p>\n","protected":false},"author":3,"featured_media":4367,"comment_status":"closed","ping_status":"closed","sticky":false,"template":"","format":"standard","meta":{"footnotes":"","_links_to":"","_links_to_target":""},"categories":[139],"tags":[],"class_list":{"0":"post-24422","1":"post","2":"type-post","3":"status-publish","4":"format-standard","5":"has-post-thumbnail","7":"category-contratos-aditivos-atas-e-outros-2025"},"_links":{"self":[{"href":"https:\/\/coronelxavierchaves.mg.gov.br\/prefeitura\/wp-json\/wp\/v2\/posts\/24422","targetHints":{"allow":["GET"]}}],"collection":[{"href":"https:\/\/coronelxavierchaves.mg.gov.br\/prefeitura\/wp-json\/wp\/v2\/posts"}],"about":[{"href":"https:\/\/coronelxavierchaves.mg.gov.br\/prefeitura\/wp-json\/wp\/v2\/types\/post"}],"author":[{"embeddable":true,"href":"https:\/\/coronelxavierchaves.mg.gov.br\/prefeitura\/wp-json\/wp\/v2\/users\/3"}],"replies":[{"embeddable":true,"href":"https:\/\/coronelxavierchaves.mg.gov.br\/prefeitura\/wp-json\/wp\/v2\/comments?post=24422"}],"version-history":[{"count":1,"href":"https:\/\/coronelxavierchaves.mg.gov.br\/prefeitura\/wp-json\/wp\/v2\/posts\/24422\/revisions"}],"predecessor-version":[{"id":24424,"href":"https:\/\/coronelxavierchaves.mg.gov.br\/prefeitura\/wp-json\/wp\/v2\/posts\/24422\/revisions\/24424"}],"wp:featuredmedia":[{"embeddable":true,"href":"https:\/\/coronelxavierchaves.mg.gov.br\/prefeitura\/wp-json\/wp\/v2\/media\/4367"}],"wp:attachment":[{"href":"https:\/\/coronelxavierchaves.mg.gov.br\/prefeitura\/wp-json\/wp\/v2\/media?parent=24422"}],"wp:term":[{"taxonomy":"category","embeddable":true,"href":"https:\/\/coronelxavierchaves.mg.gov.br\/prefeitura\/wp-json\/wp\/v2\/categories?post=24422"},{"taxonomy":"post_tag","embeddable":true,"href":"https:\/\/coronelxavierchaves.mg.gov.br\/prefeitura\/wp-json\/wp\/v2\/tags?post=24422"}],"curies":[{"name":"wp","href":"https:\/\/api.w.org\/{rel}","templated":true}]}}