{"id":24425,"date":"2025-07-09T12:25:06","date_gmt":"2025-07-09T15:25:06","guid":{"rendered":"https:\/\/coronelxavierchaves.mg.gov.br\/prefeitura\/?p=24425"},"modified":"2025-07-21T12:24:11","modified_gmt":"2025-07-21T15:24:11","slug":"autorizacao-pa-73-2025-execucao-de-servicos-de-engenharia-eletrica-voltados-a-melhoria-da-iluminacao-publica-ip","status":"publish","type":"post","link":"https:\/\/coronelxavierchaves.mg.gov.br\/prefeitura\/2025\/07\/09\/autorizacao-pa-73-2025-execucao-de-servicos-de-engenharia-eletrica-voltados-a-melhoria-da-iluminacao-publica-ip\/","title":{"rendered":"Autoriza\u00e7\u00e3o (PA 73\/2025) &#8211; Execu\u00e7\u00e3o de servi\u00e7os de engenharia el\u00e9trica voltados \u00e0 melhoria da Ilumina\u00e7\u00e3o P\u00fablica (IP)"},"content":{"rendered":"<blockquote><p>DOWNLOADS<\/p><\/blockquote>\n<ul>\n<li><a href=\"https:\/\/coronelxavierchaves.mg.gov.br\/prefeitura\/wp-content\/uploads\/2025\/07\/AUTORIZACAO-73-2025.pdf\">AUTORIZA\u00c7\u00c3O<\/a>, publicado em 09\/07\/2025 \u00e0s 12:25h.<\/li>\n<li><a href=\"https:\/\/coronelxavierchaves.mg.gov.br\/prefeitura\/wp-content\/uploads\/2025\/07\/CONTRATO-73-2025.pdf\">CONTRATO<\/a>, publicado em 11\/07\/2025 \u00e0s 10:34h.<\/li>\n<\/ul>\n<blockquote><p>OBJETO<\/p><\/blockquote>\n<div style=\"text-align: justify;\">\n<div style=\"text-align: justify;\">\n<p style=\"font-weight: 400;\">Execu\u00e7\u00e3o de servi\u00e7os de engenharia el\u00e9trica voltados \u00e0 melhoria da Ilumina\u00e7\u00e3o P\u00fablica (IP) nas seguintes localidades do munic\u00edpio: Rua da Saudade, no Bairro Nossa Senhora da Concei\u00e7\u00e3o, e Rua Prefeito Jo\u00e3o Batista de Resende, no Bairro Vila F\u00e1tima, com fornecimento de materiais, conforme projetos previamente elaborados.<\/p>\n<\/div>\n<div>\n<p>&nbsp;<\/p>\n<div>\n<p>*<b>PUBLICA\u00c7\u00c3O<\/b><\/p>\n<ul>\n<li>Um destaque desta publica\u00e7\u00e3o foi gerado na p\u00e1gina inicial do site, dispon\u00edvel at\u00e9 que demais publica\u00e7\u00f5es sejam realizadas.<\/li>\n<li>Uma publica\u00e7\u00e3o permanente foi feita na p\u00e1gina de Editais e Licita\u00e7\u00f5es.<\/li>\n<\/ul>\n<\/div>\n<\/div>\n<\/div>\n","protected":false},"excerpt":{"rendered":"<p>DOWNLOADS AUTORIZA\u00c7\u00c3O, publicado em 09\/07\/2025 \u00e0s 12:25h. CONTRATO, publicado em 11\/07\/2025 \u00e0s 10:34h. OBJETO Execu\u00e7\u00e3o de servi\u00e7os de engenharia el\u00e9trica voltados \u00e0 melhoria da Ilumina\u00e7\u00e3o P\u00fablica (IP) nas seguintes localidades do munic\u00edpio: Rua da Saudade, no Bairro Nossa Senhora da Concei\u00e7\u00e3o, e Rua Prefeito Jo\u00e3o Batista de Resende, no Bairro Vila F\u00e1tima, com fornecimento de [&hellip;]<\/p>\n","protected":false},"author":3,"featured_media":4367,"comment_status":"closed","ping_status":"closed","sticky":false,"template":"","format":"standard","meta":{"footnotes":"","_links_to":"","_links_to_target":""},"categories":[135],"tags":[],"class_list":{"0":"post-24425","1":"post","2":"type-post","3":"status-publish","4":"format-standard","5":"has-post-thumbnail","7":"category-editais-de-licitacao-2025"},"_links":{"self":[{"href":"https:\/\/coronelxavierchaves.mg.gov.br\/prefeitura\/wp-json\/wp\/v2\/posts\/24425","targetHints":{"allow":["GET"]}}],"collection":[{"href":"https:\/\/coronelxavierchaves.mg.gov.br\/prefeitura\/wp-json\/wp\/v2\/posts"}],"about":[{"href":"https:\/\/coronelxavierchaves.mg.gov.br\/prefeitura\/wp-json\/wp\/v2\/types\/post"}],"author":[{"embeddable":true,"href":"https:\/\/coronelxavierchaves.mg.gov.br\/prefeitura\/wp-json\/wp\/v2\/users\/3"}],"replies":[{"embeddable":true,"href":"https:\/\/coronelxavierchaves.mg.gov.br\/prefeitura\/wp-json\/wp\/v2\/comments?post=24425"}],"version-history":[{"count":3,"href":"https:\/\/coronelxavierchaves.mg.gov.br\/prefeitura\/wp-json\/wp\/v2\/posts\/24425\/revisions"}],"predecessor-version":[{"id":24457,"href":"https:\/\/coronelxavierchaves.mg.gov.br\/prefeitura\/wp-json\/wp\/v2\/posts\/24425\/revisions\/24457"}],"wp:featuredmedia":[{"embeddable":true,"href":"https:\/\/coronelxavierchaves.mg.gov.br\/prefeitura\/wp-json\/wp\/v2\/media\/4367"}],"wp:attachment":[{"href":"https:\/\/coronelxavierchaves.mg.gov.br\/prefeitura\/wp-json\/wp\/v2\/media?parent=24425"}],"wp:term":[{"taxonomy":"category","embeddable":true,"href":"https:\/\/coronelxavierchaves.mg.gov.br\/prefeitura\/wp-json\/wp\/v2\/categories?post=24425"},{"taxonomy":"post_tag","embeddable":true,"href":"https:\/\/coronelxavierchaves.mg.gov.br\/prefeitura\/wp-json\/wp\/v2\/tags?post=24425"}],"curies":[{"name":"wp","href":"https:\/\/api.w.org\/{rel}","templated":true}]}}