{"id":24453,"date":"2025-07-11T10:34:08","date_gmt":"2025-07-11T13:34:08","guid":{"rendered":"https:\/\/coronelxavierchaves.mg.gov.br\/prefeitura\/?p=24453"},"modified":"2025-07-11T10:34:08","modified_gmt":"2025-07-11T13:34:08","slug":"contrato-pa-73-2025-execucao-de-servicos-de-engenharia-eletrica-voltados-a-melhoria-da-iluminacao-publica-ip","status":"publish","type":"post","link":"https:\/\/coronelxavierchaves.mg.gov.br\/prefeitura\/2025\/07\/11\/contrato-pa-73-2025-execucao-de-servicos-de-engenharia-eletrica-voltados-a-melhoria-da-iluminacao-publica-ip\/","title":{"rendered":"Contrato (PA 73\/2025) &#8211; Execu\u00e7\u00e3o de servi\u00e7os de engenharia el\u00e9trica voltados \u00e0 melhoria da Ilumina\u00e7\u00e3o P\u00fablica (IP)"},"content":{"rendered":"<blockquote><p>DOWNLOADS<\/p><\/blockquote>\n<ul>\n<li><a href=\"https:\/\/coronelxavierchaves.mg.gov.br\/prefeitura\/wp-content\/uploads\/2025\/07\/CONTRATO-73-2025.pdf\">CONTRATO<\/a>, publicado em 11\/07\/2025 \u00e0s 10:34h.<\/li>\n<\/ul>\n<blockquote><p>OBJETO<\/p><\/blockquote>\n<div style=\"text-align: justify;\">\n<div style=\"text-align: justify;\">\n<p style=\"font-weight: 400;\">Celebra\u00e7\u00e3o de Contrato de Programa entre o Munic\u00edpio de Coronel Xavier Chaves e o Cons\u00f3rcio CIGEDAS, visando \u00e0 execu\u00e7\u00e3o de servi\u00e7os de engenharia el\u00e9trica voltados \u00e0 melhoria da Ilumina\u00e7\u00e3o P\u00fablica (IP) nas seguintes localidades do munic\u00edpio: Rua da Saudade, no Bairro Nossa Senhora da Concei\u00e7\u00e3o, e Rua Prefeito Jo\u00e3o Batista de Resende, no Bairro Vila F\u00e1tima, com fornecimento de materiais, conforme projetos previamente elaborados.<\/p>\n<\/div>\n<div>\n<p>&nbsp;<\/p>\n<div>\n<p>*<b>PUBLICA\u00c7\u00c3O<\/b><\/p>\n<ul>\n<li>Um destaque desta publica\u00e7\u00e3o foi gerado na p\u00e1gina inicial do site, dispon\u00edvel at\u00e9 que demais publica\u00e7\u00f5es sejam realizadas.<\/li>\n<li>Uma publica\u00e7\u00e3o permanente foi feita na p\u00e1gina de Editais e Licita\u00e7\u00f5es.<\/li>\n<\/ul>\n<\/div>\n<\/div>\n<\/div>\n","protected":false},"excerpt":{"rendered":"<p>DOWNLOADS CONTRATO, publicado em 11\/07\/2025 \u00e0s 10:34h. OBJETO Celebra\u00e7\u00e3o de Contrato de Programa entre o Munic\u00edpio de Coronel Xavier Chaves e o Cons\u00f3rcio CIGEDAS, visando \u00e0 execu\u00e7\u00e3o de servi\u00e7os de engenharia el\u00e9trica voltados \u00e0 melhoria da Ilumina\u00e7\u00e3o P\u00fablica (IP) nas seguintes localidades do munic\u00edpio: Rua da Saudade, no Bairro Nossa Senhora da Concei\u00e7\u00e3o, e Rua [&hellip;]<\/p>\n","protected":false},"author":3,"featured_media":4367,"comment_status":"closed","ping_status":"closed","sticky":false,"template":"","format":"standard","meta":{"footnotes":"","_links_to":"","_links_to_target":""},"categories":[139],"tags":[],"class_list":{"0":"post-24453","1":"post","2":"type-post","3":"status-publish","4":"format-standard","5":"has-post-thumbnail","7":"category-contratos-aditivos-atas-e-outros-2025"},"_links":{"self":[{"href":"https:\/\/coronelxavierchaves.mg.gov.br\/prefeitura\/wp-json\/wp\/v2\/posts\/24453","targetHints":{"allow":["GET"]}}],"collection":[{"href":"https:\/\/coronelxavierchaves.mg.gov.br\/prefeitura\/wp-json\/wp\/v2\/posts"}],"about":[{"href":"https:\/\/coronelxavierchaves.mg.gov.br\/prefeitura\/wp-json\/wp\/v2\/types\/post"}],"author":[{"embeddable":true,"href":"https:\/\/coronelxavierchaves.mg.gov.br\/prefeitura\/wp-json\/wp\/v2\/users\/3"}],"replies":[{"embeddable":true,"href":"https:\/\/coronelxavierchaves.mg.gov.br\/prefeitura\/wp-json\/wp\/v2\/comments?post=24453"}],"version-history":[{"count":1,"href":"https:\/\/coronelxavierchaves.mg.gov.br\/prefeitura\/wp-json\/wp\/v2\/posts\/24453\/revisions"}],"predecessor-version":[{"id":24456,"href":"https:\/\/coronelxavierchaves.mg.gov.br\/prefeitura\/wp-json\/wp\/v2\/posts\/24453\/revisions\/24456"}],"wp:featuredmedia":[{"embeddable":true,"href":"https:\/\/coronelxavierchaves.mg.gov.br\/prefeitura\/wp-json\/wp\/v2\/media\/4367"}],"wp:attachment":[{"href":"https:\/\/coronelxavierchaves.mg.gov.br\/prefeitura\/wp-json\/wp\/v2\/media?parent=24453"}],"wp:term":[{"taxonomy":"category","embeddable":true,"href":"https:\/\/coronelxavierchaves.mg.gov.br\/prefeitura\/wp-json\/wp\/v2\/categories?post=24453"},{"taxonomy":"post_tag","embeddable":true,"href":"https:\/\/coronelxavierchaves.mg.gov.br\/prefeitura\/wp-json\/wp\/v2\/tags?post=24453"}],"curies":[{"name":"wp","href":"https:\/\/api.w.org\/{rel}","templated":true}]}}