{"id":24505,"date":"2025-07-11T14:17:56","date_gmt":"2025-07-11T17:17:56","guid":{"rendered":"https:\/\/coronelxavierchaves.mg.gov.br\/prefeitura\/?p=24505"},"modified":"2025-07-11T14:17:56","modified_gmt":"2025-07-11T17:17:56","slug":"atas-de-registro-de-precos-pl-65-2025-aquisicao-de-formulas-nutricionais-infantis-suplementos-alimentares-de-uso-oral-e-enteral-bem-como-de-equipos-e-frascos","status":"publish","type":"post","link":"https:\/\/coronelxavierchaves.mg.gov.br\/prefeitura\/2025\/07\/11\/atas-de-registro-de-precos-pl-65-2025-aquisicao-de-formulas-nutricionais-infantis-suplementos-alimentares-de-uso-oral-e-enteral-bem-como-de-equipos-e-frascos\/","title":{"rendered":"Atas de registro de pre\u00e7os (PL 65\/2025) &#8211; Aquisi\u00e7\u00e3o de f\u00f3rmulas nutricionais infantis, suplementos alimentares de uso oral e enteral, bem como de equipos e frascos"},"content":{"rendered":"<blockquote><p>DOWNLOADS<\/p><\/blockquote>\n<ul>\n<li><a href=\"https:\/\/coronelxavierchaves.mg.gov.br\/prefeitura\/wp-content\/uploads\/2025\/07\/ARP-3EV-65-2025.pdf\">ATA DE REGISTRO DE PRE\u00c7OS: 3EV<\/a>, publicado em 11\/07\/2025 \u00e0s 14:17h<\/li>\n<li><a href=\"https:\/\/coronelxavierchaves.mg.gov.br\/prefeitura\/wp-content\/uploads\/2025\/07\/ARP-COMERCIAL-OTTO-65-2025.pdf\">ATA DE REGISTRO DE PRE\u00c7OS: COMERCIAL OTTO<\/a>, publicado em 11\/07\/2025 \u00e0s 14:17h<\/li>\n<li><a href=\"https:\/\/coronelxavierchaves.mg.gov.br\/prefeitura\/wp-content\/uploads\/2025\/07\/ARP-CREATIVE-65-2025.pdf\">ATA DE REGISTRO DE PRE\u00c7OS: CREATIVE<\/a>, publicado em 11\/07\/2025 \u00e0s 14:17h<\/li>\n<li><a href=\"https:\/\/coronelxavierchaves.mg.gov.br\/prefeitura\/wp-content\/uploads\/2025\/07\/ARP-LEC-65-2025.pdf\">ATA DE REGISTRO DE PRE\u00c7OS: LEC<\/a>, publicado em 11\/07\/2025 \u00e0s 14:17h<\/li>\n<li><a href=\"https:\/\/coronelxavierchaves.mg.gov.br\/prefeitura\/wp-content\/uploads\/2025\/07\/ARP-MEDMAIS-65-2025.pdf\">ATA DE REGISTRO DE PRE\u00c7OS: MEDMAIS<\/a>, publicado em 11\/07\/2025 \u00e0s 14:17h<\/li>\n<li><a href=\"https:\/\/coronelxavierchaves.mg.gov.br\/prefeitura\/wp-content\/uploads\/2025\/07\/ARP-NM-65-2025.pdf\">ATA DE REGISTRO DE PRE\u00c7OS: NM<\/a>, publicado em 11\/07\/2025 \u00e0s 14:17h<\/li>\n<li><a href=\"https:\/\/coronelxavierchaves.mg.gov.br\/prefeitura\/wp-content\/uploads\/2025\/07\/ARP-NUTRIDIV-65-2025.pdf\">ATA DE REGISTRO DE PRE\u00c7OS: NUTRIDIV<\/a>, publicado em 11\/07\/2025 \u00e0s 14:17h<\/li>\n<li><a href=\"https:\/\/coronelxavierchaves.mg.gov.br\/prefeitura\/wp-content\/uploads\/2025\/07\/ARP-NUTRIR-65-2025.pdf\">ATA DE REGISTRO DE PRE\u00c7OS: NUTRIR<\/a>, publicado em 11\/07\/2025 \u00e0s 14:17h<\/li>\n<\/ul>\n<blockquote><p>OBJETO<\/p><\/blockquote>\n<div style=\"text-align: justify;\">\n<div style=\"text-align: justify;\">Registro de Pre\u00e7os\u00a0para futura e eventual aquisi\u00e7\u00e3o de f\u00f3rmulas nutricionais infantis, suplementos alimentares de uso oral e enteral, bem como de equipos e frascos, destinados ao atendimento de pacientes da rede municipal de sa\u00fade do Munic\u00edpio de Coronel Xavier Chaves, conforme prescri\u00e7\u00e3o m\u00e9dica.<b>\u00a0<\/b><\/div>\n<div>\n<p>&nbsp;<\/p>\n<div>\n<p>*<b>PUBLICA\u00c7\u00c3O<\/b><\/p>\n<ul>\n<li>Um destaque desta publica\u00e7\u00e3o foi gerado na p\u00e1gina inicial do site, dispon\u00edvel at\u00e9 que demais publica\u00e7\u00f5es sejam realizadas.<\/li>\n<li>Uma publica\u00e7\u00e3o permanente foi feita na p\u00e1gina de Editais e Licita\u00e7\u00f5es.<\/li>\n<li>Link para acesso:\u00a0http:\/\/coronelxavierchaves.mg.gov.br\/prefeitura\/wp-json\/wp\/v2\/posts\/24505<\/li>\n<\/ul>\n<\/div>\n<\/div>\n<\/div>\n","protected":false},"excerpt":{"rendered":"<p>DOWNLOADS ATA DE REGISTRO DE PRE\u00c7OS: 3EV, publicado em 11\/07\/2025 \u00e0s 14:17h ATA DE REGISTRO DE PRE\u00c7OS: COMERCIAL OTTO, publicado em 11\/07\/2025 \u00e0s 14:17h ATA DE REGISTRO DE PRE\u00c7OS: CREATIVE, publicado em 11\/07\/2025 \u00e0s 14:17h ATA DE REGISTRO DE PRE\u00c7OS: LEC, publicado em 11\/07\/2025 \u00e0s 14:17h ATA DE REGISTRO DE PRE\u00c7OS: MEDMAIS, publicado em 11\/07\/2025 [&hellip;]<\/p>\n","protected":false},"author":3,"featured_media":4367,"comment_status":"closed","ping_status":"closed","sticky":false,"template":"","format":"standard","meta":{"footnotes":"","_links_to":"","_links_to_target":""},"categories":[139],"tags":[],"class_list":{"0":"post-24505","1":"post","2":"type-post","3":"status-publish","4":"format-standard","5":"has-post-thumbnail","7":"category-contratos-aditivos-atas-e-outros-2025"},"_links":{"self":[{"href":"https:\/\/coronelxavierchaves.mg.gov.br\/prefeitura\/wp-json\/wp\/v2\/posts\/24505","targetHints":{"allow":["GET"]}}],"collection":[{"href":"https:\/\/coronelxavierchaves.mg.gov.br\/prefeitura\/wp-json\/wp\/v2\/posts"}],"about":[{"href":"https:\/\/coronelxavierchaves.mg.gov.br\/prefeitura\/wp-json\/wp\/v2\/types\/post"}],"author":[{"embeddable":true,"href":"https:\/\/coronelxavierchaves.mg.gov.br\/prefeitura\/wp-json\/wp\/v2\/users\/3"}],"replies":[{"embeddable":true,"href":"https:\/\/coronelxavierchaves.mg.gov.br\/prefeitura\/wp-json\/wp\/v2\/comments?post=24505"}],"version-history":[{"count":1,"href":"https:\/\/coronelxavierchaves.mg.gov.br\/prefeitura\/wp-json\/wp\/v2\/posts\/24505\/revisions"}],"predecessor-version":[{"id":24514,"href":"https:\/\/coronelxavierchaves.mg.gov.br\/prefeitura\/wp-json\/wp\/v2\/posts\/24505\/revisions\/24514"}],"wp:featuredmedia":[{"embeddable":true,"href":"https:\/\/coronelxavierchaves.mg.gov.br\/prefeitura\/wp-json\/wp\/v2\/media\/4367"}],"wp:attachment":[{"href":"https:\/\/coronelxavierchaves.mg.gov.br\/prefeitura\/wp-json\/wp\/v2\/media?parent=24505"}],"wp:term":[{"taxonomy":"category","embeddable":true,"href":"https:\/\/coronelxavierchaves.mg.gov.br\/prefeitura\/wp-json\/wp\/v2\/categories?post=24505"},{"taxonomy":"post_tag","embeddable":true,"href":"https:\/\/coronelxavierchaves.mg.gov.br\/prefeitura\/wp-json\/wp\/v2\/tags?post=24505"}],"curies":[{"name":"wp","href":"https:\/\/api.w.org\/{rel}","templated":true}]}}