{"id":24553,"date":"2025-07-21T13:42:16","date_gmt":"2025-07-21T16:42:16","guid":{"rendered":"https:\/\/coronelxavierchaves.mg.gov.br\/prefeitura\/?p=24553"},"modified":"2025-07-28T09:13:20","modified_gmt":"2025-07-28T12:13:20","slug":"autorizacao-pl-80-2025-adesao-a-ata-de-registro-de-precos-no-116-2025-da-prefeitura-municipal-de-ilicinea-mg-objetivando-a-locacao-de-sistema-de-ponto-eletronico-com-reconhecimento-facial","status":"publish","type":"post","link":"https:\/\/coronelxavierchaves.mg.gov.br\/prefeitura\/2025\/07\/21\/autorizacao-pl-80-2025-adesao-a-ata-de-registro-de-precos-no-116-2025-da-prefeitura-municipal-de-ilicinea-mg-objetivando-a-locacao-de-sistema-de-ponto-eletronico-com-reconhecimento-facial\/","title":{"rendered":"Autoriza\u00e7\u00e3o (PL 80\/2025) &#8211; Ades\u00e3o \u00e0 Ata de Registro de Pre\u00e7os n\u00ba 116\/2025 da Prefeitura Municipal de Ilic\u00ednea\/MG, objetivando a loca\u00e7\u00e3o de sistema de ponto eletr\u00f4nico com reconhecimento facial"},"content":{"rendered":"<blockquote><p>DOWNLOADS<\/p><\/blockquote>\n<ul>\n<li><a href=\"https:\/\/coronelxavierchaves.mg.gov.br\/prefeitura\/wp-content\/uploads\/2025\/07\/AUTORIZACAO-80-2025.pdf\">AUTORIZA\u00c7\u00c3O<\/a>, publicado em 21\/07\/2025 \u00e0s 13:42h.<\/li>\n<li><a href=\"https:\/\/coronelxavierchaves.mg.gov.br\/prefeitura\/wp-content\/uploads\/2025\/07\/CONTRATO-80-2025.pdf\">CONTRATO<\/a>, publicado em 28\/07\/2025 \u00e0s 09:13h.<\/li>\n<\/ul>\n<blockquote><p>OBJETO<\/p><\/blockquote>\n<div style=\"text-align: justify;\">\n<div style=\"text-align: justify;\">\n<div>Ades\u00e3o \u00e0 Ata de Registro de Pre\u00e7os n\u00ba 116\/2025 da Prefeitura Municipal de Ilic\u00ednea\/MG, objetivando a loca\u00e7\u00e3o de sistema de ponto eletr\u00f4nico com reconhecimento facial, incluindo instala\u00e7\u00e3o, suporte t\u00e9cnico, integra\u00e7\u00e3o com sistema existente, treinamento e disponibiliza\u00e7\u00e3o de 10 equipamentos em regime de comodato, em atendimento \u00e0 demanda da Prefeitura Municipal de Coronel Xavier Chaves\/MG.<\/div>\n<\/div>\n<div>\n<p>&nbsp;<\/p>\n<div>\n<p>*<b>PUBLICA\u00c7\u00c3O<\/b><\/p>\n<ul>\n<li>Um destaque desta publica\u00e7\u00e3o foi gerado na p\u00e1gina inicial do site, dispon\u00edvel at\u00e9 que demais publica\u00e7\u00f5es sejam realizadas.<\/li>\n<li>Uma publica\u00e7\u00e3o permanente foi feita na p\u00e1gina de Editais e Licita\u00e7\u00f5es.<\/li>\n<\/ul>\n<\/div>\n<\/div>\n<\/div>\n","protected":false},"excerpt":{"rendered":"<p>DOWNLOADS AUTORIZA\u00c7\u00c3O, publicado em 21\/07\/2025 \u00e0s 13:42h. CONTRATO, publicado em 28\/07\/2025 \u00e0s 09:13h. OBJETO Ades\u00e3o \u00e0 Ata de Registro de Pre\u00e7os n\u00ba 116\/2025 da Prefeitura Municipal de Ilic\u00ednea\/MG, objetivando a loca\u00e7\u00e3o de sistema de ponto eletr\u00f4nico com reconhecimento facial, incluindo instala\u00e7\u00e3o, suporte t\u00e9cnico, integra\u00e7\u00e3o com sistema existente, treinamento e disponibiliza\u00e7\u00e3o de 10 equipamentos em regime [&hellip;]<\/p>\n","protected":false},"author":3,"featured_media":4367,"comment_status":"closed","ping_status":"closed","sticky":false,"template":"","format":"standard","meta":{"footnotes":"","_links_to":"","_links_to_target":""},"categories":[135],"tags":[],"class_list":{"0":"post-24553","1":"post","2":"type-post","3":"status-publish","4":"format-standard","5":"has-post-thumbnail","7":"category-editais-de-licitacao-2025"},"_links":{"self":[{"href":"https:\/\/coronelxavierchaves.mg.gov.br\/prefeitura\/wp-json\/wp\/v2\/posts\/24553","targetHints":{"allow":["GET"]}}],"collection":[{"href":"https:\/\/coronelxavierchaves.mg.gov.br\/prefeitura\/wp-json\/wp\/v2\/posts"}],"about":[{"href":"https:\/\/coronelxavierchaves.mg.gov.br\/prefeitura\/wp-json\/wp\/v2\/types\/post"}],"author":[{"embeddable":true,"href":"https:\/\/coronelxavierchaves.mg.gov.br\/prefeitura\/wp-json\/wp\/v2\/users\/3"}],"replies":[{"embeddable":true,"href":"https:\/\/coronelxavierchaves.mg.gov.br\/prefeitura\/wp-json\/wp\/v2\/comments?post=24553"}],"version-history":[{"count":3,"href":"https:\/\/coronelxavierchaves.mg.gov.br\/prefeitura\/wp-json\/wp\/v2\/posts\/24553\/revisions"}],"predecessor-version":[{"id":24628,"href":"https:\/\/coronelxavierchaves.mg.gov.br\/prefeitura\/wp-json\/wp\/v2\/posts\/24553\/revisions\/24628"}],"wp:featuredmedia":[{"embeddable":true,"href":"https:\/\/coronelxavierchaves.mg.gov.br\/prefeitura\/wp-json\/wp\/v2\/media\/4367"}],"wp:attachment":[{"href":"https:\/\/coronelxavierchaves.mg.gov.br\/prefeitura\/wp-json\/wp\/v2\/media?parent=24553"}],"wp:term":[{"taxonomy":"category","embeddable":true,"href":"https:\/\/coronelxavierchaves.mg.gov.br\/prefeitura\/wp-json\/wp\/v2\/categories?post=24553"},{"taxonomy":"post_tag","embeddable":true,"href":"https:\/\/coronelxavierchaves.mg.gov.br\/prefeitura\/wp-json\/wp\/v2\/tags?post=24553"}],"curies":[{"name":"wp","href":"https:\/\/api.w.org\/{rel}","templated":true}]}}