{"id":24586,"date":"2025-07-23T16:27:15","date_gmt":"2025-07-23T19:27:15","guid":{"rendered":"https:\/\/coronelxavierchaves.mg.gov.br\/prefeitura\/?p=24586"},"modified":"2025-07-24T10:25:13","modified_gmt":"2025-07-24T13:25:13","slug":"errata-e-edital-retificado-aviso-de-licitacao-pl-70-2025-contratacao-de-empresa-especializada-para-execucao-dos-servicos-de-reforma-da-pintura-e-ampliacao-do-almoxarifado-da-unidade-da-farmacia","status":"publish","type":"post","link":"https:\/\/coronelxavierchaves.mg.gov.br\/prefeitura\/2025\/07\/23\/errata-e-edital-retificado-aviso-de-licitacao-pl-70-2025-contratacao-de-empresa-especializada-para-execucao-dos-servicos-de-reforma-da-pintura-e-ampliacao-do-almoxarifado-da-unidade-da-farmacia\/","title":{"rendered":"[Errata e Edital retificado] Aviso de Licita\u00e7\u00e3o (PL 70\/2025) &#8211; Contrata\u00e7\u00e3o de empresa especializada para execu\u00e7\u00e3o dos servi\u00e7os de reforma da pintura e amplia\u00e7\u00e3o do almoxarifado da unidade da Farm\u00e1cia de Minas"},"content":{"rendered":"<blockquote><p>DOWNLOADS<\/p><\/blockquote>\n<ul>\n<li><a href=\"https:\/\/coronelxavierchaves.mg.gov.br\/prefeitura\/wp-content\/uploads\/2025\/07\/ERRATA-70-2025.pdf\">ERRATA<\/a>, publicado em 23\/07\/2025 \u00e0s 16:26h.<\/li>\n<li><a href=\"https:\/\/coronelxavierchaves.mg.gov.br\/prefeitura\/wp-content\/uploads\/2025\/07\/EDITAL-DE-LICITACAO-RETIFICADO-70-2025.pdf\">EDITAL RETIFICADO<\/a>, publicado em 23\/07\/2025 \u00e0s 16:26h.<\/li>\n<\/ul>\n<p>&nbsp;<\/p>\n<p style=\"text-align: center;\"><strong><u>AVISO DE LICITA\u00c7\u00c3O RETIFICADO<\/u><\/strong><\/p>\n<p style=\"text-align: justify;\">PROCESSO LICITAT\u00d3RIO 70\/2025,\u00a0CONCORR\u00caNCIA ELETR\u00d4NICA 01\/2025, do tipo\u00a0<u>MENOR PRE\u00c7O.<\/u>\u00a0Objeto:\u00a0<strong>CONTRATA\u00c7\u00c3O DE EMPRESA ESPECIALIZADA PARA EXECU\u00c7\u00c3O DOS SERVI\u00c7OS DE REFORMA DA PINTURA E AMPLIA\u00c7\u00c3O DO ALMOXARIFADO DA UNIDADE DA FARM\u00c1CIA DE MINAS \u201cJANDIR SILVA\u201d, LOCALIZADA NO MUNIC\u00cdPIO DE CORONEL XAVIER CHAVES\/MG, BEM P\u00daBLICO DE PROPRIEDADE DA PREFEITURA MUNICIPAL.\u00a0<\/strong>A Prefeitura Municipal de Coronel Xavier Chaves\/MG, torna p\u00fablico para conhecimento dos interessados, que foram realizadas altera\u00e7\u00f5es no edital do processo supracitado.\u00a0Limite de acolhimento das propostas: dia 07\/08\/2025 \u00e0s 07h59min.\u00a0<strong>DISPUTA: 07\/08\/2025, \u00e0s 08h30min, na Plataforma LICITAPP<\/strong>,\u00a0<a href=\"https:\/\/coronelxavierchaves.licitapp.com.br\/\">https:\/\/coronelxavierchaves.licitapp.com.br\/\/<\/a>.\u00a0A errata e o edital est\u00e3o dispon\u00edveis no site\u00a0\u201c<a href=\"http:\/\/www.coronelxavierchaves.mg.gov.br\/\">www.coronelxavierchaves.mg.gov.br<\/a>&#8220;, mais informa\u00e7\u00f5es\u00a0na prefeitura municipal \u00e0 Rua Padre Reis, 84, Centro, Coronel Xavier Chaves\/MG, no hor\u00e1rio de 08h00min \u00e0s 12h00min e de 13h00min \u00e0s 16h00min. Tel.:\u00a0<u><a href=\"tel:%2832%29%203357-1235\">(32) 3216-105<\/a>3<\/u>\u00a0\/ (32) 9 9199-6496 (<em>Whatsapp<\/em>). Coronel Xavier Chaves, 23 de julho de 2025. Juliana Jaques Camargos \u2013 Agente de Contrata\u00e7\u00e3o.<\/p>\n<div>\n<div style=\"text-align: justify;\">\n<div style=\"text-align: justify;\">\n<div><\/div>\n<\/div>\n<\/div>\n<\/div>\n<div><\/div>\n<div class=\"printshowonly\">\n<p>*<b>PUBLICA\u00c7\u00c3O<\/b><\/p>\n<ul>\n<li>Um destaque desta publica\u00e7\u00e3o foi gerado na p\u00e1gina inicial do site, dispon\u00edvel at\u00e9 que demais publica\u00e7\u00f5es sejam realizadas.<\/li>\n<li>Uma publica\u00e7\u00e3o permanente foi feita na p\u00e1gina de Editais e Licita\u00e7\u00f5es.<\/li>\n<li>Link para acesso:\u00a0http:\/\/coronelxavierchaves.mg.gov.br\/prefeitura\/wp-json\/wp\/v2\/posts\/24586<\/li>\n<\/ul>\n<\/div>\n","protected":false},"excerpt":{"rendered":"<p>DOWNLOADS ERRATA, publicado em 23\/07\/2025 \u00e0s 16:26h. EDITAL RETIFICADO, publicado em 23\/07\/2025 \u00e0s 16:26h. &nbsp; AVISO DE LICITA\u00c7\u00c3O RETIFICADO PROCESSO LICITAT\u00d3RIO 70\/2025,\u00a0CONCORR\u00caNCIA ELETR\u00d4NICA 01\/2025, do tipo\u00a0MENOR PRE\u00c7O.\u00a0Objeto:\u00a0CONTRATA\u00c7\u00c3O DE EMPRESA ESPECIALIZADA PARA EXECU\u00c7\u00c3O DOS SERVI\u00c7OS DE REFORMA DA PINTURA E AMPLIA\u00c7\u00c3O DO ALMOXARIFADO DA UNIDADE DA FARM\u00c1CIA DE MINAS \u201cJANDIR SILVA\u201d, LOCALIZADA NO MUNIC\u00cdPIO DE CORONEL [&hellip;]<\/p>\n","protected":false},"author":3,"featured_media":4367,"comment_status":"closed","ping_status":"closed","sticky":false,"template":"","format":"standard","meta":{"footnotes":"","_links_to":"","_links_to_target":""},"categories":[141],"tags":[],"class_list":{"0":"post-24586","1":"post","2":"type-post","3":"status-publish","4":"format-standard","5":"has-post-thumbnail","7":"category-outras-publicacoes-2025"},"_links":{"self":[{"href":"https:\/\/coronelxavierchaves.mg.gov.br\/prefeitura\/wp-json\/wp\/v2\/posts\/24586","targetHints":{"allow":["GET"]}}],"collection":[{"href":"https:\/\/coronelxavierchaves.mg.gov.br\/prefeitura\/wp-json\/wp\/v2\/posts"}],"about":[{"href":"https:\/\/coronelxavierchaves.mg.gov.br\/prefeitura\/wp-json\/wp\/v2\/types\/post"}],"author":[{"embeddable":true,"href":"https:\/\/coronelxavierchaves.mg.gov.br\/prefeitura\/wp-json\/wp\/v2\/users\/3"}],"replies":[{"embeddable":true,"href":"https:\/\/coronelxavierchaves.mg.gov.br\/prefeitura\/wp-json\/wp\/v2\/comments?post=24586"}],"version-history":[{"count":2,"href":"https:\/\/coronelxavierchaves.mg.gov.br\/prefeitura\/wp-json\/wp\/v2\/posts\/24586\/revisions"}],"predecessor-version":[{"id":24594,"href":"https:\/\/coronelxavierchaves.mg.gov.br\/prefeitura\/wp-json\/wp\/v2\/posts\/24586\/revisions\/24594"}],"wp:featuredmedia":[{"embeddable":true,"href":"https:\/\/coronelxavierchaves.mg.gov.br\/prefeitura\/wp-json\/wp\/v2\/media\/4367"}],"wp:attachment":[{"href":"https:\/\/coronelxavierchaves.mg.gov.br\/prefeitura\/wp-json\/wp\/v2\/media?parent=24586"}],"wp:term":[{"taxonomy":"category","embeddable":true,"href":"https:\/\/coronelxavierchaves.mg.gov.br\/prefeitura\/wp-json\/wp\/v2\/categories?post=24586"},{"taxonomy":"post_tag","embeddable":true,"href":"https:\/\/coronelxavierchaves.mg.gov.br\/prefeitura\/wp-json\/wp\/v2\/tags?post=24586"}],"curies":[{"name":"wp","href":"https:\/\/api.w.org\/{rel}","templated":true}]}}