{"id":24611,"date":"2025-07-25T16:25:07","date_gmt":"2025-07-25T19:25:07","guid":{"rendered":"https:\/\/coronelxavierchaves.mg.gov.br\/prefeitura\/?p=24611"},"modified":"2025-07-25T16:25:07","modified_gmt":"2025-07-25T19:25:07","slug":"1o-termo-aditivo-pl-83-2024-registro-de-precos-para-eventual-contratacao-de-empresa-para-locacao-de-banheiros-quimicos-a-serem-utilizados-em-eventos-do-municipio","status":"publish","type":"post","link":"https:\/\/coronelxavierchaves.mg.gov.br\/prefeitura\/2025\/07\/25\/1o-termo-aditivo-pl-83-2024-registro-de-precos-para-eventual-contratacao-de-empresa-para-locacao-de-banheiros-quimicos-a-serem-utilizados-em-eventos-do-municipio\/","title":{"rendered":"1\u00ba Termo Aditivo (PL 83\/2024) &#8211; Registro de pre\u00e7os para eventual contrata\u00e7\u00e3o de empresa para loca\u00e7\u00e3o de banheiros qu\u00edmicos a serem utilizados em eventos do munic\u00edpio"},"content":{"rendered":"<blockquote><p>DOWNLOADS<\/p><\/blockquote>\n<ul>\n<li><a href=\"https:\/\/coronelxavierchaves.mg.gov.br\/prefeitura\/wp-content\/uploads\/2025\/07\/1o-TA-ARP-EMS-83-2024.pdf\">1\u00ba TERMO ADITIVO<\/a>, publicado em 25\/07\/2025 \u00e0s 16:25h.<\/li>\n<\/ul>\n<blockquote><p>OBJETO<\/p><\/blockquote>\n<div style=\"text-align: justify;\">\n<div style=\"text-align: justify;\">\n<p><b>REGISTRO DE PRE\u00c7OS PARA EVENTUAL CONTRATA\u00c7\u00c3O DE EMPRESA PARA LOCA\u00c7\u00c3O DE BANHEIROS QU\u00cdMICOS A SEREM UTILIZADOS EM EVENTOS DO MUNIC\u00cdPIO, QUE SER\u00c3O SOLICITADOS DE ACORDO COM A NECESSIDADE, PELO PER\u00cdODO DE 12 (DOZE) MESES.<\/b><\/p>\n<p>&nbsp;<\/p>\n<\/div>\n<\/div>\n<div class=\"printshowonly\">\n<p>*<b>PUBLICA\u00c7\u00c3O<\/b><\/p>\n<ul>\n<li>Um destaque desta publica\u00e7\u00e3o foi gerado na p\u00e1gina inicial do site, dispon\u00edvel at\u00e9 que demais publica\u00e7\u00f5es sejam realizadas.<\/li>\n<li>Uma publica\u00e7\u00e3o permanente foi feita na p\u00e1gina de Editais e Licita\u00e7\u00f5es.<\/li>\n<li>Link para acesso:http:\/\/coronelxavierchaves.mg.gov.br\/prefeitura\/wp-json\/wp\/v2\/posts\/24611<\/li>\n<\/ul>\n<\/div>\n","protected":false},"excerpt":{"rendered":"<p>DOWNLOADS 1\u00ba TERMO ADITIVO, publicado em 25\/07\/2025 \u00e0s 16:25h. OBJETO REGISTRO DE PRE\u00c7OS PARA EVENTUAL CONTRATA\u00c7\u00c3O DE EMPRESA PARA LOCA\u00c7\u00c3O DE BANHEIROS QU\u00cdMICOS A SEREM UTILIZADOS EM EVENTOS DO MUNIC\u00cdPIO, QUE SER\u00c3O SOLICITADOS DE ACORDO COM A NECESSIDADE, PELO PER\u00cdODO DE 12 (DOZE) MESES. &nbsp; *PUBLICA\u00c7\u00c3O Um destaque desta publica\u00e7\u00e3o foi gerado na p\u00e1gina inicial [&hellip;]<\/p>\n","protected":false},"author":3,"featured_media":4367,"comment_status":"closed","ping_status":"closed","sticky":false,"template":"","format":"standard","meta":{"footnotes":"","_links_to":"","_links_to_target":""},"categories":[139],"tags":[],"class_list":{"0":"post-24611","1":"post","2":"type-post","3":"status-publish","4":"format-standard","5":"has-post-thumbnail","7":"category-contratos-aditivos-atas-e-outros-2025"},"_links":{"self":[{"href":"https:\/\/coronelxavierchaves.mg.gov.br\/prefeitura\/wp-json\/wp\/v2\/posts\/24611","targetHints":{"allow":["GET"]}}],"collection":[{"href":"https:\/\/coronelxavierchaves.mg.gov.br\/prefeitura\/wp-json\/wp\/v2\/posts"}],"about":[{"href":"https:\/\/coronelxavierchaves.mg.gov.br\/prefeitura\/wp-json\/wp\/v2\/types\/post"}],"author":[{"embeddable":true,"href":"https:\/\/coronelxavierchaves.mg.gov.br\/prefeitura\/wp-json\/wp\/v2\/users\/3"}],"replies":[{"embeddable":true,"href":"https:\/\/coronelxavierchaves.mg.gov.br\/prefeitura\/wp-json\/wp\/v2\/comments?post=24611"}],"version-history":[{"count":1,"href":"https:\/\/coronelxavierchaves.mg.gov.br\/prefeitura\/wp-json\/wp\/v2\/posts\/24611\/revisions"}],"predecessor-version":[{"id":24613,"href":"https:\/\/coronelxavierchaves.mg.gov.br\/prefeitura\/wp-json\/wp\/v2\/posts\/24611\/revisions\/24613"}],"wp:featuredmedia":[{"embeddable":true,"href":"https:\/\/coronelxavierchaves.mg.gov.br\/prefeitura\/wp-json\/wp\/v2\/media\/4367"}],"wp:attachment":[{"href":"https:\/\/coronelxavierchaves.mg.gov.br\/prefeitura\/wp-json\/wp\/v2\/media?parent=24611"}],"wp:term":[{"taxonomy":"category","embeddable":true,"href":"https:\/\/coronelxavierchaves.mg.gov.br\/prefeitura\/wp-json\/wp\/v2\/categories?post=24611"},{"taxonomy":"post_tag","embeddable":true,"href":"https:\/\/coronelxavierchaves.mg.gov.br\/prefeitura\/wp-json\/wp\/v2\/tags?post=24611"}],"curies":[{"name":"wp","href":"https:\/\/api.w.org\/{rel}","templated":true}]}}