{"id":24630,"date":"2025-07-28T09:25:07","date_gmt":"2025-07-28T12:25:07","guid":{"rendered":"https:\/\/coronelxavierchaves.mg.gov.br\/prefeitura\/?p=24630"},"modified":"2025-07-28T09:25:07","modified_gmt":"2025-07-28T12:25:07","slug":"contrato-pl-83-2025-contratacao-de-servico-de-transporte-em-caminhao-guincho-plataforma","status":"publish","type":"post","link":"https:\/\/coronelxavierchaves.mg.gov.br\/prefeitura\/2025\/07\/28\/contrato-pl-83-2025-contratacao-de-servico-de-transporte-em-caminhao-guincho-plataforma\/","title":{"rendered":"Contrato (PL 83\/2025) &#8211; Contrata\u00e7\u00e3o de servi\u00e7o de transporte em caminh\u00e3o guincho\/plataforma"},"content":{"rendered":"<blockquote><p>DOWNLOADS<\/p><\/blockquote>\n<ul>\n<li><a href=\"https:\/\/coronelxavierchaves.mg.gov.br\/prefeitura\/wp-content\/uploads\/2025\/07\/CONTRATO-83-2025.pdf\">CONTRATO<\/a>, publicado em 28\/07\/2025 \u00e0s 09:25h.<\/li>\n<\/ul>\n<blockquote><p>OBJETO<\/p><\/blockquote>\n<div style=\"text-align: justify;\">\n<div style=\"text-align: justify;\">\n<p><b>CONTRATA\u00c7\u00c3O DE SERVI\u00c7O DE TRANSPORTE EM CAMINH\u00c3O GUINCHO\/PLATAFORMA, COM CAPACIDADE M\u00cdNIMA DE 7 (SETE) TONELADAS, PARA REMO\u00c7\u00c3O E ENTREGA DE UM TRATOR AGR\u00cdCOLA, ORIUNDO DE DOA\u00c7\u00c3O DO PROGRAMA NACIONAL DE MODERNIZA\u00c7\u00c3O E APOIO \u00c0 PRODU\u00c7\u00c3O AGR\u00cdCOLA \u2013 PROMAQ, COM RETIRADA NO CEASA\/MG (CONTAGEM\/MG) E ENTREGA NA SEDE DA PREFEITURA MUNICIPAL DE CORONEL XAVIER CHAVES\/MG, NO DIA 23 DE JULHO DE 2025.<\/b><\/p>\n<p>&nbsp;<\/p>\n<\/div>\n<\/div>\n<div class=\"printshowonly\">\n<p>*<b>PUBLICA\u00c7\u00c3O<\/b><\/p>\n<ul>\n<li>Um destaque desta publica\u00e7\u00e3o foi gerado na p\u00e1gina inicial do site, dispon\u00edvel at\u00e9 que demais publica\u00e7\u00f5es sejam realizadas.<\/li>\n<li>Uma publica\u00e7\u00e3o permanente foi feita na p\u00e1gina de Editais e Licita\u00e7\u00f5es.<\/li>\n<li>Link para acesso:http:\/\/coronelxavierchaves.mg.gov.br\/prefeitura\/wp-json\/wp\/v2\/posts\/24630<\/li>\n<\/ul>\n<\/div>\n","protected":false},"excerpt":{"rendered":"<p>DOWNLOADS CONTRATO, publicado em 28\/07\/2025 \u00e0s 09:25h. OBJETO CONTRATA\u00c7\u00c3O DE SERVI\u00c7O DE TRANSPORTE EM CAMINH\u00c3O GUINCHO\/PLATAFORMA, COM CAPACIDADE M\u00cdNIMA DE 7 (SETE) TONELADAS, PARA REMO\u00c7\u00c3O E ENTREGA DE UM TRATOR AGR\u00cdCOLA, ORIUNDO DE DOA\u00c7\u00c3O DO PROGRAMA NACIONAL DE MODERNIZA\u00c7\u00c3O E APOIO \u00c0 PRODU\u00c7\u00c3O AGR\u00cdCOLA \u2013 PROMAQ, COM RETIRADA NO CEASA\/MG (CONTAGEM\/MG) E ENTREGA NA SEDE [&hellip;]<\/p>\n","protected":false},"author":3,"featured_media":4367,"comment_status":"closed","ping_status":"closed","sticky":false,"template":"","format":"standard","meta":{"footnotes":"","_links_to":"","_links_to_target":""},"categories":[139],"tags":[],"class_list":{"0":"post-24630","1":"post","2":"type-post","3":"status-publish","4":"format-standard","5":"has-post-thumbnail","7":"category-contratos-aditivos-atas-e-outros-2025"},"_links":{"self":[{"href":"https:\/\/coronelxavierchaves.mg.gov.br\/prefeitura\/wp-json\/wp\/v2\/posts\/24630","targetHints":{"allow":["GET"]}}],"collection":[{"href":"https:\/\/coronelxavierchaves.mg.gov.br\/prefeitura\/wp-json\/wp\/v2\/posts"}],"about":[{"href":"https:\/\/coronelxavierchaves.mg.gov.br\/prefeitura\/wp-json\/wp\/v2\/types\/post"}],"author":[{"embeddable":true,"href":"https:\/\/coronelxavierchaves.mg.gov.br\/prefeitura\/wp-json\/wp\/v2\/users\/3"}],"replies":[{"embeddable":true,"href":"https:\/\/coronelxavierchaves.mg.gov.br\/prefeitura\/wp-json\/wp\/v2\/comments?post=24630"}],"version-history":[{"count":1,"href":"https:\/\/coronelxavierchaves.mg.gov.br\/prefeitura\/wp-json\/wp\/v2\/posts\/24630\/revisions"}],"predecessor-version":[{"id":24632,"href":"https:\/\/coronelxavierchaves.mg.gov.br\/prefeitura\/wp-json\/wp\/v2\/posts\/24630\/revisions\/24632"}],"wp:featuredmedia":[{"embeddable":true,"href":"https:\/\/coronelxavierchaves.mg.gov.br\/prefeitura\/wp-json\/wp\/v2\/media\/4367"}],"wp:attachment":[{"href":"https:\/\/coronelxavierchaves.mg.gov.br\/prefeitura\/wp-json\/wp\/v2\/media?parent=24630"}],"wp:term":[{"taxonomy":"category","embeddable":true,"href":"https:\/\/coronelxavierchaves.mg.gov.br\/prefeitura\/wp-json\/wp\/v2\/categories?post=24630"},{"taxonomy":"post_tag","embeddable":true,"href":"https:\/\/coronelxavierchaves.mg.gov.br\/prefeitura\/wp-json\/wp\/v2\/tags?post=24630"}],"curies":[{"name":"wp","href":"https:\/\/api.w.org\/{rel}","templated":true}]}}