{"id":24636,"date":"2025-07-28T12:33:08","date_gmt":"2025-07-28T15:33:08","guid":{"rendered":"https:\/\/coronelxavierchaves.mg.gov.br\/prefeitura\/?p=24636"},"modified":"2025-07-28T12:33:08","modified_gmt":"2025-07-28T15:33:08","slug":"1o-termo-aditivo-pl-93-2024-registro-de-precos-para-eventual-contratacao-de-empresa-de-transporte-de-passageiros","status":"publish","type":"post","link":"https:\/\/coronelxavierchaves.mg.gov.br\/prefeitura\/2025\/07\/28\/1o-termo-aditivo-pl-93-2024-registro-de-precos-para-eventual-contratacao-de-empresa-de-transporte-de-passageiros\/","title":{"rendered":"1\u00ba Termo Aditivo (PL 93\/2024) &#8211; Registro De Pre\u00e7os Para Eventual Contrata\u00e7\u00e3o De Empresa De Transporte De Passageiros&#8230;"},"content":{"rendered":"<blockquote><p>DOWNLOADS<\/p><\/blockquote>\n<ul>\n<li><a href=\"https:\/\/coronelxavierchaves.mg.gov.br\/prefeitura\/wp-content\/uploads\/2025\/07\/1o-TA-ARP-WESLEY-93-2024.pdf\">1\u00ba TERMO ADITIVO: WESLEY DE LIMA<\/a>, publicado em 28\/07\/2025 \u00e0s 12:33h.<\/li>\n<li><a href=\"https:\/\/coronelxavierchaves.mg.gov.br\/prefeitura\/wp-content\/uploads\/2025\/07\/1o-TA-ARP-GEOVANI-93-2024.pdf\">1\u00ba TERMO ADITIVO: GEOVANI TADEU DE RESENDE<\/a>, publicado em 28\/07\/2025 \u00e0s 12:33h.<\/li>\n<\/ul>\n<blockquote><p>OBJETO<\/p><\/blockquote>\n<div style=\"text-align: justify;\">\n<div style=\"text-align: justify;\">\n<p><b>REGISTRO DE PRE\u00c7OS PARA EVENTUAL CONTRATA\u00c7\u00c3O DE EMPRESA DE TRANSPORTE DE PASSAGEIROS, PARA A REALIZA\u00c7\u00c3O DO TRANSPORTE DE ALUNOS, GRUPOS SOCIAIS, GRUPOS CULTURAIS, EQUIPES ESPORTIVAS E OUTROS SERVI\u00c7OS NECESS\u00c1RIOS DESTE MUNIC\u00cdPIO, QUE SER\u00c3O SOLICITADOS DE ACORDO COM A NECESSIDADE, PELO PER\u00cdODO DE 12 (DOZE) MESES.<\/b><\/p>\n<p>&nbsp;<\/p>\n<\/div>\n<\/div>\n<div class=\"printshowonly\">\n<p>*<b>PUBLICA\u00c7\u00c3O<\/b><\/p>\n<ul>\n<li>Um destaque desta publica\u00e7\u00e3o foi gerado na p\u00e1gina inicial do site, dispon\u00edvel at\u00e9 que demais publica\u00e7\u00f5es sejam realizadas.<\/li>\n<li>Uma publica\u00e7\u00e3o permanente foi feita na p\u00e1gina de Editais e Licita\u00e7\u00f5es.<\/li>\n<li>Link para acesso:http:\/\/coronelxavierchaves.mg.gov.br\/prefeitura\/wp-json\/wp\/v2\/posts\/24636<\/li>\n<\/ul>\n<\/div>\n","protected":false},"excerpt":{"rendered":"<p>DOWNLOADS 1\u00ba TERMO ADITIVO: WESLEY DE LIMA, publicado em 28\/07\/2025 \u00e0s 12:33h. 1\u00ba TERMO ADITIVO: GEOVANI TADEU DE RESENDE, publicado em 28\/07\/2025 \u00e0s 12:33h. OBJETO REGISTRO DE PRE\u00c7OS PARA EVENTUAL CONTRATA\u00c7\u00c3O DE EMPRESA DE TRANSPORTE DE PASSAGEIROS, PARA A REALIZA\u00c7\u00c3O DO TRANSPORTE DE ALUNOS, GRUPOS SOCIAIS, GRUPOS CULTURAIS, EQUIPES ESPORTIVAS E OUTROS SERVI\u00c7OS NECESS\u00c1RIOS DESTE [&hellip;]<\/p>\n","protected":false},"author":3,"featured_media":4367,"comment_status":"closed","ping_status":"closed","sticky":false,"template":"","format":"standard","meta":{"footnotes":"","_links_to":"","_links_to_target":""},"categories":[139],"tags":[],"class_list":{"0":"post-24636","1":"post","2":"type-post","3":"status-publish","4":"format-standard","5":"has-post-thumbnail","7":"category-contratos-aditivos-atas-e-outros-2025"},"_links":{"self":[{"href":"https:\/\/coronelxavierchaves.mg.gov.br\/prefeitura\/wp-json\/wp\/v2\/posts\/24636","targetHints":{"allow":["GET"]}}],"collection":[{"href":"https:\/\/coronelxavierchaves.mg.gov.br\/prefeitura\/wp-json\/wp\/v2\/posts"}],"about":[{"href":"https:\/\/coronelxavierchaves.mg.gov.br\/prefeitura\/wp-json\/wp\/v2\/types\/post"}],"author":[{"embeddable":true,"href":"https:\/\/coronelxavierchaves.mg.gov.br\/prefeitura\/wp-json\/wp\/v2\/users\/3"}],"replies":[{"embeddable":true,"href":"https:\/\/coronelxavierchaves.mg.gov.br\/prefeitura\/wp-json\/wp\/v2\/comments?post=24636"}],"version-history":[{"count":1,"href":"https:\/\/coronelxavierchaves.mg.gov.br\/prefeitura\/wp-json\/wp\/v2\/posts\/24636\/revisions"}],"predecessor-version":[{"id":24640,"href":"https:\/\/coronelxavierchaves.mg.gov.br\/prefeitura\/wp-json\/wp\/v2\/posts\/24636\/revisions\/24640"}],"wp:featuredmedia":[{"embeddable":true,"href":"https:\/\/coronelxavierchaves.mg.gov.br\/prefeitura\/wp-json\/wp\/v2\/media\/4367"}],"wp:attachment":[{"href":"https:\/\/coronelxavierchaves.mg.gov.br\/prefeitura\/wp-json\/wp\/v2\/media?parent=24636"}],"wp:term":[{"taxonomy":"category","embeddable":true,"href":"https:\/\/coronelxavierchaves.mg.gov.br\/prefeitura\/wp-json\/wp\/v2\/categories?post=24636"},{"taxonomy":"post_tag","embeddable":true,"href":"https:\/\/coronelxavierchaves.mg.gov.br\/prefeitura\/wp-json\/wp\/v2\/tags?post=24636"}],"curies":[{"name":"wp","href":"https:\/\/api.w.org\/{rel}","templated":true}]}}