{"id":24642,"date":"2025-07-28T12:37:06","date_gmt":"2025-07-28T15:37:06","guid":{"rendered":"https:\/\/coronelxavierchaves.mg.gov.br\/prefeitura\/?p=24642"},"modified":"2025-07-28T12:37:06","modified_gmt":"2025-07-28T15:37:06","slug":"atas-de-registro-de-precos-pl-76-2025-registro-de-precos-para-futura-e-eventual-aquisicao-de-po-de-cafe","status":"publish","type":"post","link":"https:\/\/coronelxavierchaves.mg.gov.br\/prefeitura\/2025\/07\/28\/atas-de-registro-de-precos-pl-76-2025-registro-de-precos-para-futura-e-eventual-aquisicao-de-po-de-cafe\/","title":{"rendered":"Atas de registro de pre\u00e7os (PL 76\/2025) &#8211; Registro de pre\u00e7os para futura e eventual aquisi\u00e7\u00e3o de p\u00f3 de caf\u00e9"},"content":{"rendered":"<blockquote><p>DOWNLOADS<\/p><\/blockquote>\n<ul>\n<li><a href=\"https:\/\/coronelxavierchaves.mg.gov.br\/prefeitura\/wp-content\/uploads\/2025\/07\/ARP-WSANTIAGO-76-2025.pdf\">ATA DE REGISTRO DE PRE\u00c7OS: WSANTIAGO EMPREENDIMENTOS<\/a>, publicado em 28\/07\/2025 \u00e0s 12:37h.<\/li>\n<\/ul>\n<blockquote><p>OBJETO<\/p><\/blockquote>\n<div style=\"text-align: justify;\">\n<div style=\"text-align: justify;\">Registro de Pre\u00e7os para futura e eventual aquisi\u00e7\u00e3o de p\u00f3 de caf\u00e9, com o objetivo de atender \u00e0s demandas das Secretarias Municipais de Coronel Xavier Chaves\/MG.<\/div>\n<div>\n<p>&nbsp;<\/p>\n<div>\n<p>*<b>PUBLICA\u00c7\u00c3O<\/b><\/p>\n<ul>\n<li>Um destaque desta publica\u00e7\u00e3o foi gerado na p\u00e1gina inicial do site, dispon\u00edvel at\u00e9 que demais publica\u00e7\u00f5es sejam realizadas.<\/li>\n<li>Uma publica\u00e7\u00e3o permanente foi feita na p\u00e1gina de Editais e Licita\u00e7\u00f5es.<\/li>\n<li>Link para acesso:\u00a0http:\/\/coronelxavierchaves.mg.gov.br\/prefeitura\/wp-json\/wp\/v2\/posts\/24642<\/li>\n<\/ul>\n<\/div>\n<\/div>\n<\/div>\n","protected":false},"excerpt":{"rendered":"<p>DOWNLOADS ATA DE REGISTRO DE PRE\u00c7OS: WSANTIAGO EMPREENDIMENTOS, publicado em 28\/07\/2025 \u00e0s 12:37h. OBJETO Registro de Pre\u00e7os para futura e eventual aquisi\u00e7\u00e3o de p\u00f3 de caf\u00e9, com o objetivo de atender \u00e0s demandas das Secretarias Municipais de Coronel Xavier Chaves\/MG. &nbsp; *PUBLICA\u00c7\u00c3O Um destaque desta publica\u00e7\u00e3o foi gerado na p\u00e1gina inicial do site, dispon\u00edvel at\u00e9 [&hellip;]<\/p>\n","protected":false},"author":3,"featured_media":4367,"comment_status":"closed","ping_status":"closed","sticky":false,"template":"","format":"standard","meta":{"footnotes":"","_links_to":"","_links_to_target":""},"categories":[139],"tags":[],"class_list":{"0":"post-24642","1":"post","2":"type-post","3":"status-publish","4":"format-standard","5":"has-post-thumbnail","7":"category-contratos-aditivos-atas-e-outros-2025"},"_links":{"self":[{"href":"https:\/\/coronelxavierchaves.mg.gov.br\/prefeitura\/wp-json\/wp\/v2\/posts\/24642","targetHints":{"allow":["GET"]}}],"collection":[{"href":"https:\/\/coronelxavierchaves.mg.gov.br\/prefeitura\/wp-json\/wp\/v2\/posts"}],"about":[{"href":"https:\/\/coronelxavierchaves.mg.gov.br\/prefeitura\/wp-json\/wp\/v2\/types\/post"}],"author":[{"embeddable":true,"href":"https:\/\/coronelxavierchaves.mg.gov.br\/prefeitura\/wp-json\/wp\/v2\/users\/3"}],"replies":[{"embeddable":true,"href":"https:\/\/coronelxavierchaves.mg.gov.br\/prefeitura\/wp-json\/wp\/v2\/comments?post=24642"}],"version-history":[{"count":1,"href":"https:\/\/coronelxavierchaves.mg.gov.br\/prefeitura\/wp-json\/wp\/v2\/posts\/24642\/revisions"}],"predecessor-version":[{"id":24645,"href":"https:\/\/coronelxavierchaves.mg.gov.br\/prefeitura\/wp-json\/wp\/v2\/posts\/24642\/revisions\/24645"}],"wp:featuredmedia":[{"embeddable":true,"href":"https:\/\/coronelxavierchaves.mg.gov.br\/prefeitura\/wp-json\/wp\/v2\/media\/4367"}],"wp:attachment":[{"href":"https:\/\/coronelxavierchaves.mg.gov.br\/prefeitura\/wp-json\/wp\/v2\/media?parent=24642"}],"wp:term":[{"taxonomy":"category","embeddable":true,"href":"https:\/\/coronelxavierchaves.mg.gov.br\/prefeitura\/wp-json\/wp\/v2\/categories?post=24642"},{"taxonomy":"post_tag","embeddable":true,"href":"https:\/\/coronelxavierchaves.mg.gov.br\/prefeitura\/wp-json\/wp\/v2\/tags?post=24642"}],"curies":[{"name":"wp","href":"https:\/\/api.w.org\/{rel}","templated":true}]}}