{"id":24660,"date":"2025-07-30T12:24:14","date_gmt":"2025-07-30T15:24:14","guid":{"rendered":"https:\/\/coronelxavierchaves.mg.gov.br\/prefeitura\/?p=24660"},"modified":"2025-09-04T14:46:19","modified_gmt":"2025-09-04T17:46:19","slug":"aviso-de-licitacao-pl-85-2025-concessao-de-permissao-de-uso-precaria-e-temporaria-de-espacos-publicos-para-a-instalacao-e-funcionamento-de-bares-durante-a-realizacao-do-vii-moscoxaves","status":"publish","type":"post","link":"https:\/\/coronelxavierchaves.mg.gov.br\/prefeitura\/2025\/07\/30\/aviso-de-licitacao-pl-85-2025-concessao-de-permissao-de-uso-precaria-e-temporaria-de-espacos-publicos-para-a-instalacao-e-funcionamento-de-bares-durante-a-realizacao-do-vii-moscoxaves\/","title":{"rendered":"Aviso de Licita\u00e7\u00e3o (PL 85\/2025) &#8211; Concess\u00e3o de permiss\u00e3o de uso prec\u00e1ria e tempor\u00e1ria de espa\u00e7os p\u00fablicos para a instala\u00e7\u00e3o e funcionamento de bares durante a realiza\u00e7\u00e3o do \u201cVII MOSCOXAVES\u201d"},"content":{"rendered":"<blockquote>\n<p style=\"text-align: center;\">DOWNLOADS<\/p>\n<\/blockquote>\n<ul>\n<li style=\"list-style-type: none;\">\n<ul>\n<li><del><a href=\"https:\/\/coronelxavierchaves.mg.gov.br\/prefeitura\/wp-content\/uploads\/2025\/07\/EDITAL-85-2025a.pdf\">EDITAL<\/a>, publicado em 30\/07\/2025 \u00e0s 12:24h<\/del>. Retificado em 21\/08\/2025.<\/li>\n<li><a href=\"https:\/\/coronelxavierchaves.mg.gov.br\/prefeitura\/wp-content\/uploads\/2025\/08\/ERRATA-85-2025.pdf\">ERRATA<\/a>, publicado em 21\/08\/2025 \u00e0s 10:55h.<\/li>\n<li><a href=\"https:\/\/coronelxavierchaves.mg.gov.br\/prefeitura\/wp-content\/uploads\/2025\/08\/EDITAL-RETIFICADO-85-2025.pdf\">EDITAL RETIFICADO<\/a>, publicado em 21\/08\/2025 \u00e0s 10:55h.<\/li>\n<li><a href=\"https:\/\/coronelxavierchaves.mg.gov.br\/prefeitura\/wp-content\/uploads\/2025\/09\/01-CAMARGOS-E-SOUSA-85-2025.pdf\">CONTRATO: CAMARGOS E SOUSA<\/a>, publicado em 04\/09\/2025 \u00e0s 14:46h.<\/li>\n<li><a href=\"https:\/\/coronelxavierchaves.mg.gov.br\/prefeitura\/wp-content\/uploads\/2025\/09\/02-LUCAS-85-2025.pdf\">CONTRATO: LUCAS<\/a>, publicado em 04\/09\/2025 \u00e0s 14:46h.<\/li>\n<li><a href=\"https:\/\/coronelxavierchaves.mg.gov.br\/prefeitura\/wp-content\/uploads\/2025\/09\/03-ROUTE-66-85-2025.pdf\">CONTRATO: ROUTE 66<\/a>, publicado em 04\/09\/2025 \u00e0s 14:46h.<\/li>\n<li><a href=\"https:\/\/coronelxavierchaves.mg.gov.br\/prefeitura\/wp-content\/uploads\/2025\/09\/04-YARA-85-2025.pdf\">CONTRATO: YARA<\/a>, publicado em 04\/09\/2025 \u00e0s 14:46h.<\/li>\n<li><a href=\"https:\/\/coronelxavierchaves.mg.gov.br\/prefeitura\/wp-content\/uploads\/2025\/09\/05-RESENDE-ROTILLI-85-2025.pdf\">CONTRATO: RESENDE ROTILLI<\/a>, publicado em 04\/09\/2025 \u00e0s 14:46h.<\/li>\n<li><a href=\"https:\/\/coronelxavierchaves.mg.gov.br\/prefeitura\/wp-content\/uploads\/2025\/09\/06-DAIANE-85-2025.pdf\">CONTRATO: DAIANE<\/a>, publicado em 04\/09\/2025 \u00e0s 14:46h.<\/li>\n<li><a href=\"https:\/\/coronelxavierchaves.mg.gov.br\/prefeitura\/wp-content\/uploads\/2025\/09\/07-LEIDIANE-85-2025.pdf\">CONTRATO: LEIDIANE<\/a>, publicado em 04\/09\/2025 \u00e0s 14:46h.<\/li>\n<li><a href=\"https:\/\/coronelxavierchaves.mg.gov.br\/prefeitura\/wp-content\/uploads\/2025\/09\/08-EMPORIO-SECULO-XVIII-85-2025.pdf\">CONTRATO: EMP\u00d3RIO SEC\u00daLO XVIII<\/a>, publicado em 04\/09\/2025 \u00e0s 14:46h.<\/li>\n<li><a href=\"https:\/\/coronelxavierchaves.mg.gov.br\/prefeitura\/wp-content\/uploads\/2025\/09\/09-BAROCK-85-2025.pdf\">CONTRATO: BAROCK<\/a>, publicado em 04\/09\/2025 \u00e0s 14:46h.<\/li>\n<\/ul>\n<\/li>\n<\/ul>\n<p>&nbsp;<\/p>\n<blockquote>\n<p style=\"text-align: center;\">OBJETO<\/p>\n<\/blockquote>\n<p style=\"text-align: justify;\"><b>CONCESS\u00c3O DE PERMISS\u00c3O DE USO PREC\u00c1RIA E TEMPOR\u00c1RIA DE ESPA\u00c7OS P\u00daBLICOS PARA A INSTALA\u00c7\u00c3O E FUNCIONAMENTO DE BARES, DESTINADOS \u00c0 COMERCIALIZA\u00c7\u00c3O DE G\u00caNEROS ALIMENT\u00cdCIOS E BEBIDAS, DURANTE A REALIZA\u00c7\u00c3O DA VII MOSTRA CULTURAL DE DESENVOLVIMENTO ECON\u00d4MICO E TUR\u00cdSTICO DE CORONEL XAVIER CHAVES \u2013 MOSCOXAVES, A SER REALIZADA NO LARGO GON\u00c7ALVES LARA, NAS PROXIMIDADES DA IGREJA DO ROS\u00c1RIO, NO MUNIC\u00cdPIO DE CORONEL XAVIER CHAVES\/MG, NO PER\u00cdODO DE 04 A 07 DE SETEMBRO DE 2025.<\/b><\/p>\n<p style=\"text-align: center;\"><strong><u>AVISO DE LICITA\u00c7\u00c3O<\/u><\/strong><\/p>\n<p style=\"text-align: justify;\">O munic\u00edpio de Coronel Xavier Chaves\/MG torna p\u00fablico o Processo Licitat\u00f3rio 85\/2025, Preg\u00e3o Presencial 37\/2025, para sele\u00e7\u00e3o da proposta mais vantajosa para a\u00a0<b>CONCESS\u00c3O DE PERMISS\u00c3O DE USO PREC\u00c1RIA E TEMPOR\u00c1RIA DE ESPA\u00c7OS P\u00daBLICOS PARA A INSTALA\u00c7\u00c3O E FUNCIONAMENTO DE BARES, DESTINADOS \u00c0 COMERCIALIZA\u00c7\u00c3O DE G\u00caNEROS ALIMENT\u00cdCIOS E BEBIDAS, DURANTE A REALIZA\u00c7\u00c3O DA VII MOSTRA CULTURAL DE DESENVOLVIMENTO ECON\u00d4MICO E TUR\u00cdSTICO DE CORONEL XAVIER CHAVES \u2013 MOSCOXAVES, A SER REALIZADA NO LARGO GON\u00c7ALVES LARA, NAS PROXIMIDADES DA IGREJA DO ROS\u00c1RIO, NO MUNIC\u00cdPIO DE CORONEL XAVIER CHAVES\/MG, NO PER\u00cdODO DE 04 A 07 DE SETEMBRO DE 2025,<\/b>\u00a0mediante o crit\u00e9rio de julgamento de<b>\u00a0MAIOR PRE\u00c7O POR ITEM<\/b>.\u00a0<u>Credenciamento e abertura<\/u>:<b>\u00a022\/08\/2025 \u00e0s 08h30min.<\/b>\u00a0O edital est\u00e1 dispon\u00edvel no Site\u00a0\u201c<a href=\"http:\/\/www.coronelxavierchaves.mg.gov.br\/\" target=\"_blank\" rel=\"noopener\" data-saferedirecturl=\"https:\/\/www.google.com\/url?q=http:\/\/www.coronelxavierchaves.mg.gov.br&amp;source=gmail&amp;ust=1753973242069000&amp;usg=AOvVaw1pN7cdm7wkrEj94AmQq3Yj\">www.coronelxavierchaves.<wbr \/>mg.gov.br<\/a>&#8220;, informa\u00e7\u00f5es\u00a0na prefeitura municipal \u00e0 Rua Padre Reis, 84, Centro Coronel Xavier Chaves, MG, no hor\u00e1rio das 08h00min \u00e0s 12h00min e das 13h00min \u00e0s 16h00min. Tel.\/WhatsApp (32) 3216-1053 (<i>Ramais 109 e 110<\/i>) \/ (32) 99199-6496.\u00a0 Coronel Xavier Chaves, 30 de julho de 2025. Juliana Jaques Camargos &#8211; Pregoeira.<\/p>\n<p>&nbsp;<\/p>\n<div class=\"printshowonly\">\n<p>*<b>PUBLICA\u00c7\u00c3O<\/b><\/p>\n<ul>\n<li>Um destaque desta publica\u00e7\u00e3o foi gerado na p\u00e1gina inicial do site, dispon\u00edvel at\u00e9 que demais publica\u00e7\u00f5es sejam realizadas.<\/li>\n<li>Uma publica\u00e7\u00e3o permanente foi feita na p\u00e1gina de Editais e Licita\u00e7\u00f5es.<\/li>\n<\/ul>\n<\/div>\n","protected":false},"excerpt":{"rendered":"<p>DOWNLOADS EDITAL, publicado em 30\/07\/2025 \u00e0s 12:24h. Retificado em 21\/08\/2025. ERRATA, publicado em 21\/08\/2025 \u00e0s 10:55h. EDITAL RETIFICADO, publicado em 21\/08\/2025 \u00e0s 10:55h. CONTRATO: CAMARGOS E SOUSA, publicado em 04\/09\/2025 \u00e0s 14:46h. CONTRATO: LUCAS, publicado em 04\/09\/2025 \u00e0s 14:46h. CONTRATO: ROUTE 66, publicado em 04\/09\/2025 \u00e0s 14:46h. CONTRATO: YARA, publicado em 04\/09\/2025 \u00e0s 14:46h. CONTRATO: [&hellip;]<\/p>\n","protected":false},"author":3,"featured_media":4366,"comment_status":"closed","ping_status":"closed","sticky":false,"template":"","format":"standard","meta":{"footnotes":"","_links_to":"","_links_to_target":""},"categories":[135],"tags":[],"class_list":{"0":"post-24660","1":"post","2":"type-post","3":"status-publish","4":"format-standard","5":"has-post-thumbnail","7":"category-editais-de-licitacao-2025"},"_links":{"self":[{"href":"https:\/\/coronelxavierchaves.mg.gov.br\/prefeitura\/wp-json\/wp\/v2\/posts\/24660","targetHints":{"allow":["GET"]}}],"collection":[{"href":"https:\/\/coronelxavierchaves.mg.gov.br\/prefeitura\/wp-json\/wp\/v2\/posts"}],"about":[{"href":"https:\/\/coronelxavierchaves.mg.gov.br\/prefeitura\/wp-json\/wp\/v2\/types\/post"}],"author":[{"embeddable":true,"href":"https:\/\/coronelxavierchaves.mg.gov.br\/prefeitura\/wp-json\/wp\/v2\/users\/3"}],"replies":[{"embeddable":true,"href":"https:\/\/coronelxavierchaves.mg.gov.br\/prefeitura\/wp-json\/wp\/v2\/comments?post=24660"}],"version-history":[{"count":5,"href":"https:\/\/coronelxavierchaves.mg.gov.br\/prefeitura\/wp-json\/wp\/v2\/posts\/24660\/revisions"}],"predecessor-version":[{"id":24960,"href":"https:\/\/coronelxavierchaves.mg.gov.br\/prefeitura\/wp-json\/wp\/v2\/posts\/24660\/revisions\/24960"}],"wp:featuredmedia":[{"embeddable":true,"href":"https:\/\/coronelxavierchaves.mg.gov.br\/prefeitura\/wp-json\/wp\/v2\/media\/4366"}],"wp:attachment":[{"href":"https:\/\/coronelxavierchaves.mg.gov.br\/prefeitura\/wp-json\/wp\/v2\/media?parent=24660"}],"wp:term":[{"taxonomy":"category","embeddable":true,"href":"https:\/\/coronelxavierchaves.mg.gov.br\/prefeitura\/wp-json\/wp\/v2\/categories?post=24660"},{"taxonomy":"post_tag","embeddable":true,"href":"https:\/\/coronelxavierchaves.mg.gov.br\/prefeitura\/wp-json\/wp\/v2\/tags?post=24660"}],"curies":[{"name":"wp","href":"https:\/\/api.w.org\/{rel}","templated":true}]}}