{"id":24678,"date":"2025-08-01T14:25:16","date_gmt":"2025-08-01T17:25:16","guid":{"rendered":"https:\/\/coronelxavierchaves.mg.gov.br\/prefeitura\/?p=24678"},"modified":"2025-08-11T10:02:39","modified_gmt":"2025-08-11T13:02:39","slug":"manifestacao-de-interesse-para-dispensa-eletronica-pa-87-2025-aquisicao-de-canecas-acrilicas-personalizadas-para-serem-distribuidas-aos-alunos-da-escola-municipal","status":"publish","type":"post","link":"https:\/\/coronelxavierchaves.mg.gov.br\/prefeitura\/2025\/08\/01\/manifestacao-de-interesse-para-dispensa-eletronica-pa-87-2025-aquisicao-de-canecas-acrilicas-personalizadas-para-serem-distribuidas-aos-alunos-da-escola-municipal\/","title":{"rendered":"Manifesta\u00e7\u00e3o de interesse para dispensa eletr\u00f4nica (PA 87\/2025) &#8211; Aquisi\u00e7\u00e3o De Canecas Acr\u00edlicas Personalizadas Para Serem Distribu\u00eddas Aos Alunos Da Escola Municipal"},"content":{"rendered":"<blockquote>\n<p style=\"text-align: center;\">DOWNLOADS<\/p>\n<\/blockquote>\n<ul>\n<li style=\"list-style-type: none;\">\n<ul>\n<li style=\"list-style-type: none;\">\n<ul>\n<li><a href=\"https:\/\/coronelxavierchaves.mg.gov.br\/prefeitura\/wp-content\/uploads\/2025\/08\/10-AVISO-DE-DISPENSA-1.pdf\">AVISO DE DISPENSA<\/a>, publicado em 01\/08\/2025 \u00e0s 14:21h.<\/li>\n<li><a href=\"https:\/\/coronelxavierchaves.mg.gov.br\/prefeitura\/wp-content\/uploads\/2025\/08\/CONTRATO-87-2025.pdf\">CONTRATO<\/a>, publicado em 11\/08\/2025 \u00e0s 10:02h.<\/li>\n<\/ul>\n<\/li>\n<\/ul>\n<\/li>\n<\/ul>\n<blockquote>\n<p style=\"text-align: center;\">MANIFESTA\u00c7\u00c3O DE INTERESSE PARA DISPENSA ELETR\u00d4NICA<\/p>\n<\/blockquote>\n<p style=\"text-align: justify;\">Prefeitura Municipal de Coronel Xavier Chaves\/MG. Manifesta\u00e7\u00e3o de interesse para Dispensa Eletr\u00f4nica &#8211; Processo Administrativo \u2013 87\/2025, Dispensa Eletr\u00f4nica \u2013 25\/2025, do tipo\u00a0<u><strong>Menor Pre\u00e7o por Item<\/strong>.<\/u>\u00a0Objeto:\u00a0<strong>AQUISI\u00c7\u00c3O DE CANECAS ACR\u00cdLICAS PERSONALIZADAS PARA SEREM DISTRIBU\u00cdDAS AOS ALUNOS DA ESCOLA MUNICIPAL \u201cSEBASTI\u00c3O PATR\u00cdCIO PINTO\u201d DURANTE A 19\u00aa SEMANA DA SA\u00daDE BUCAL, A SER REALIZADA NO PER\u00cdODO DE 18 A 22 DE AGOSTO DE 2025<\/strong>.\u00a0Limite de acolhimento das propostas: dia <strong>08\/08\/2025<\/strong> \u00e0s 07h59min.\u00a0DISPUTA: <strong>08\/08\/2025<\/strong>, das 08h30min \u00e0s 09h30min,\u00a0na Plataforma LICITAPP,\u00a0<a href=\"https:\/\/coronelxavierchaves.licitapp.com.br\/\">https:\/\/coronelxavierchaves.licitapp.com.br\/\/<\/a>.\u00a0O edital de Manifesta\u00e7\u00e3o de interesse para Dispensa Eletr\u00f4nica est\u00e1 dispon\u00edvel no site\u00a0\u201c<a href=\"http:\/\/www.coronelxavierchaves.mg.gov.br\/\">www.coronelxavierchaves.mg.gov.br<\/a>&#8220;, mais informa\u00e7\u00f5es\u00a0na prefeitura municipal \u00e0 Rua Padre Reis, 84, Centro, Coronel Xavier Chaves\/MG, no hor\u00e1rio de 08h00min \u00e0s 12h00min e de 13h00min \u00e0s 16h00min. Tel.:\u00a0<a href=\"tel:%2832%29%203357-1235\">(32) 3216-1053<\/a>\u00a0(<em>Ramais 109 e 110<\/em>)\/ (32) 9 9199-6496 (<em>Whatsapp<\/em>). Coronel Xavier Chaves, 01 de agosto de 2025. Juliana Jaques Camargos \u2013 Agente de Contrata\u00e7\u00e3o.<\/p>\n<p>&#8212;&#8211;<\/p>\n<div class=\"printshowonly\">\n<p>*<b>PUBLICA\u00c7\u00c3O<\/b><\/p>\n<ul>\n<li>Um destaque desta publica\u00e7\u00e3o foi gerado na p\u00e1gina inicial do site, dispon\u00edvel at\u00e9 que demais publica\u00e7\u00f5es sejam realizadas.<\/li>\n<li>Uma publica\u00e7\u00e3o permanente foi feita na p\u00e1gina de Editais e Licita\u00e7\u00f5es.<\/li>\n<li>Link para acesso: http:\/\/coronelxavierchaves.mg.gov.br\/prefeitura\/wp-json\/wp\/v2\/posts\/24678<\/li>\n<\/ul>\n<\/div>\n","protected":false},"excerpt":{"rendered":"<p>DOWNLOADS AVISO DE DISPENSA, publicado em 01\/08\/2025 \u00e0s 14:21h. CONTRATO, publicado em 11\/08\/2025 \u00e0s 10:02h. MANIFESTA\u00c7\u00c3O DE INTERESSE PARA DISPENSA ELETR\u00d4NICA Prefeitura Municipal de Coronel Xavier Chaves\/MG. Manifesta\u00e7\u00e3o de interesse para Dispensa Eletr\u00f4nica &#8211; Processo Administrativo \u2013 87\/2025, Dispensa Eletr\u00f4nica \u2013 25\/2025, do tipo\u00a0Menor Pre\u00e7o por Item.\u00a0Objeto:\u00a0AQUISI\u00c7\u00c3O DE CANECAS ACR\u00cdLICAS PERSONALIZADAS PARA SEREM DISTRIBU\u00cdDAS AOS [&hellip;]<\/p>\n","protected":false},"author":8,"featured_media":4366,"comment_status":"closed","ping_status":"closed","sticky":false,"template":"","format":"standard","meta":{"footnotes":"","_links_to":"","_links_to_target":""},"categories":[135],"tags":[],"class_list":{"0":"post-24678","1":"post","2":"type-post","3":"status-publish","4":"format-standard","5":"has-post-thumbnail","7":"category-editais-de-licitacao-2025"},"_links":{"self":[{"href":"https:\/\/coronelxavierchaves.mg.gov.br\/prefeitura\/wp-json\/wp\/v2\/posts\/24678","targetHints":{"allow":["GET"]}}],"collection":[{"href":"https:\/\/coronelxavierchaves.mg.gov.br\/prefeitura\/wp-json\/wp\/v2\/posts"}],"about":[{"href":"https:\/\/coronelxavierchaves.mg.gov.br\/prefeitura\/wp-json\/wp\/v2\/types\/post"}],"author":[{"embeddable":true,"href":"https:\/\/coronelxavierchaves.mg.gov.br\/prefeitura\/wp-json\/wp\/v2\/users\/8"}],"replies":[{"embeddable":true,"href":"https:\/\/coronelxavierchaves.mg.gov.br\/prefeitura\/wp-json\/wp\/v2\/comments?post=24678"}],"version-history":[{"count":4,"href":"https:\/\/coronelxavierchaves.mg.gov.br\/prefeitura\/wp-json\/wp\/v2\/posts\/24678\/revisions"}],"predecessor-version":[{"id":24738,"href":"https:\/\/coronelxavierchaves.mg.gov.br\/prefeitura\/wp-json\/wp\/v2\/posts\/24678\/revisions\/24738"}],"wp:featuredmedia":[{"embeddable":true,"href":"https:\/\/coronelxavierchaves.mg.gov.br\/prefeitura\/wp-json\/wp\/v2\/media\/4366"}],"wp:attachment":[{"href":"https:\/\/coronelxavierchaves.mg.gov.br\/prefeitura\/wp-json\/wp\/v2\/media?parent=24678"}],"wp:term":[{"taxonomy":"category","embeddable":true,"href":"https:\/\/coronelxavierchaves.mg.gov.br\/prefeitura\/wp-json\/wp\/v2\/categories?post=24678"},{"taxonomy":"post_tag","embeddable":true,"href":"https:\/\/coronelxavierchaves.mg.gov.br\/prefeitura\/wp-json\/wp\/v2\/tags?post=24678"}],"curies":[{"name":"wp","href":"https:\/\/api.w.org\/{rel}","templated":true}]}}