{"id":24708,"date":"2025-08-11T09:32:28","date_gmt":"2025-08-11T12:32:28","guid":{"rendered":"https:\/\/coronelxavierchaves.mg.gov.br\/prefeitura\/?p=24708"},"modified":"2025-08-11T09:32:28","modified_gmt":"2025-08-11T12:32:28","slug":"1o-termo-aditivo-as-atas-de-registro-de-precos-pl-92-2024-registro-de-precos-para-aquisicao-de-materiais-de-construcao-e-afins","status":"publish","type":"post","link":"https:\/\/coronelxavierchaves.mg.gov.br\/prefeitura\/2025\/08\/11\/1o-termo-aditivo-as-atas-de-registro-de-precos-pl-92-2024-registro-de-precos-para-aquisicao-de-materiais-de-construcao-e-afins\/","title":{"rendered":"1\u00ba Termo Aditivo \u00e0s Atas de registro de pre\u00e7os (PL 92\/2024) &#8211; Registro De Pre\u00e7os Para Aquisi\u00e7\u00e3o De Materiais De Constru\u00e7\u00e3o E Afins&#8230;"},"content":{"rendered":"<blockquote><p>DOWNLOADS<\/p><\/blockquote>\n<ul>\n<li><a href=\"https:\/\/coronelxavierchaves.mg.gov.br\/prefeitura\/wp-content\/uploads\/2025\/08\/1o-TA-ARP-PREMOLDADOS-COTA.pdf\">1\u00ba ADITIVO DE REGISTRO DE PRE\u00c7OS: COTA &amp; ALMIR<\/a>, publicado em 11\/08\/2025 \u00e0s 09:30h.<\/li>\n<li><a href=\"https:\/\/coronelxavierchaves.mg.gov.br\/prefeitura\/wp-content\/uploads\/2025\/08\/1o-TA-ARP-CONFIANCA.pdf\">1\u00ba ADITIVO DE ATA DE REGISTRO DE PRE\u00c7OS: CONFIANCA DISTRIBUIDORA<\/a>, publicado em 11\/08\/2025 \u00e0s 09:30h.<\/li>\n<li><a href=\"https:\/\/coronelxavierchaves.mg.gov.br\/prefeitura\/wp-content\/uploads\/2025\/08\/1o-TA-ARP-DOURAFER.pdf\">1\u00ba ADITIVO DE ATA DE REGISTRO DE PRE\u00c7OS: DOURAFER<\/a>, publicado em 11\/08\/2025 \u00e0s 09:30h.<\/li>\n<li><a href=\"https:\/\/coronelxavierchaves.mg.gov.br\/prefeitura\/wp-content\/uploads\/2025\/08\/1o-TA-ARP-JOHNATAS.pdf\">1\u00ba ADITIVO DE ATA DE REGISTRO DE PRE\u00c7OS: JOHNATAS HENRIQUE ROCHA<\/a>, publicado em 11\/08\/2025 \u00e0s 09:30h.<\/li>\n<li><a href=\"https:\/\/coronelxavierchaves.mg.gov.br\/prefeitura\/wp-content\/uploads\/2025\/08\/1o-TA-ARP-SANTOS.pdf\">1\u00ba ADITIVO DE ATA DE REGISTRO DE PRE\u00c7OS: SANTOS &amp; ASSUNCAO<\/a>, publicado em 11\/08\/2025 \u00e0s 09:30h.<\/li>\n<li><a href=\"https:\/\/coronelxavierchaves.mg.gov.br\/prefeitura\/wp-content\/uploads\/2025\/08\/1o-TA-ARP-WCA.pdf\">1\u00ba ADITIVO DE ATA DE REGISTRO DE PRE\u00c7OS: WCA<\/a>, publicado em 11\/08\/2025 \u00e0s 09:30h.<\/li>\n<\/ul>\n<blockquote><p>OBJETO<\/p><\/blockquote>\n<div style=\"text-align: justify;\">\n<div style=\"text-align: justify;\">\n<p><b>REGISTRO DE PRE\u00c7OS PARA AQUISI\u00c7\u00c3O DE MATERIAIS DE CONSTRU\u00c7\u00c3O E AFINS A SEREM UTILIZADOS NO ATENDIMENTO DAS DEMANDAS DA SECRETARIA MUNICIPAL DE OBRAS E SERVI\u00c7OS P\u00daBLICOS DO MUNIC\u00cdPIO DE CORONEL XAVIER CHAVES \/ MG.<\/b><\/p>\n<p>&nbsp;<\/p>\n<\/div>\n<\/div>\n<div class=\"printshowonly\">\n<p>*<b>PUBLICA\u00c7\u00c3O<\/b><\/p>\n<ul>\n<li>Um destaque desta publica\u00e7\u00e3o foi gerado na p\u00e1gina inicial do site, dispon\u00edvel at\u00e9 que demais publica\u00e7\u00f5es sejam realizadas.<\/li>\n<li>Uma publica\u00e7\u00e3o permanente foi feita na p\u00e1gina de Editais e Licita\u00e7\u00f5es.<\/li>\n<li>Link para acesso:http:\/\/coronelxavierchaves.mg.gov.br\/prefeitura\/wp-json\/wp\/v2\/posts\/24708<\/li>\n<\/ul>\n<\/div>\n","protected":false},"excerpt":{"rendered":"<p>DOWNLOADS 1\u00ba ADITIVO DE REGISTRO DE PRE\u00c7OS: COTA &amp; ALMIR, publicado em 11\/08\/2025 \u00e0s 09:30h. 1\u00ba ADITIVO DE ATA DE REGISTRO DE PRE\u00c7OS: CONFIANCA DISTRIBUIDORA, publicado em 11\/08\/2025 \u00e0s 09:30h. 1\u00ba ADITIVO DE ATA DE REGISTRO DE PRE\u00c7OS: DOURAFER, publicado em 11\/08\/2025 \u00e0s 09:30h. 1\u00ba ADITIVO DE ATA DE REGISTRO DE PRE\u00c7OS: JOHNATAS HENRIQUE ROCHA, [&hellip;]<\/p>\n","protected":false},"author":3,"featured_media":4367,"comment_status":"closed","ping_status":"closed","sticky":false,"template":"","format":"standard","meta":{"footnotes":"","_links_to":"","_links_to_target":""},"categories":[139],"tags":[],"class_list":{"0":"post-24708","1":"post","2":"type-post","3":"status-publish","4":"format-standard","5":"has-post-thumbnail","7":"category-contratos-aditivos-atas-e-outros-2025"},"_links":{"self":[{"href":"https:\/\/coronelxavierchaves.mg.gov.br\/prefeitura\/wp-json\/wp\/v2\/posts\/24708","targetHints":{"allow":["GET"]}}],"collection":[{"href":"https:\/\/coronelxavierchaves.mg.gov.br\/prefeitura\/wp-json\/wp\/v2\/posts"}],"about":[{"href":"https:\/\/coronelxavierchaves.mg.gov.br\/prefeitura\/wp-json\/wp\/v2\/types\/post"}],"author":[{"embeddable":true,"href":"https:\/\/coronelxavierchaves.mg.gov.br\/prefeitura\/wp-json\/wp\/v2\/users\/3"}],"replies":[{"embeddable":true,"href":"https:\/\/coronelxavierchaves.mg.gov.br\/prefeitura\/wp-json\/wp\/v2\/comments?post=24708"}],"version-history":[{"count":1,"href":"https:\/\/coronelxavierchaves.mg.gov.br\/prefeitura\/wp-json\/wp\/v2\/posts\/24708\/revisions"}],"predecessor-version":[{"id":24716,"href":"https:\/\/coronelxavierchaves.mg.gov.br\/prefeitura\/wp-json\/wp\/v2\/posts\/24708\/revisions\/24716"}],"wp:featuredmedia":[{"embeddable":true,"href":"https:\/\/coronelxavierchaves.mg.gov.br\/prefeitura\/wp-json\/wp\/v2\/media\/4367"}],"wp:attachment":[{"href":"https:\/\/coronelxavierchaves.mg.gov.br\/prefeitura\/wp-json\/wp\/v2\/media?parent=24708"}],"wp:term":[{"taxonomy":"category","embeddable":true,"href":"https:\/\/coronelxavierchaves.mg.gov.br\/prefeitura\/wp-json\/wp\/v2\/categories?post=24708"},{"taxonomy":"post_tag","embeddable":true,"href":"https:\/\/coronelxavierchaves.mg.gov.br\/prefeitura\/wp-json\/wp\/v2\/tags?post=24708"}],"curies":[{"name":"wp","href":"https:\/\/api.w.org\/{rel}","templated":true}]}}