{"id":24718,"date":"2025-08-11T09:37:30","date_gmt":"2025-08-11T12:37:30","guid":{"rendered":"https:\/\/coronelxavierchaves.mg.gov.br\/prefeitura\/?p=24718"},"modified":"2025-08-11T09:37:48","modified_gmt":"2025-08-11T12:37:48","slug":"contratos-pa-78-2025-aquisicao-de-brindes-a-serem-distribuidos-durante-a-caminhada-ecologica-como-parte-da-programacao-da-vii-moscoxaves","status":"publish","type":"post","link":"https:\/\/coronelxavierchaves.mg.gov.br\/prefeitura\/2025\/08\/11\/contratos-pa-78-2025-aquisicao-de-brindes-a-serem-distribuidos-durante-a-caminhada-ecologica-como-parte-da-programacao-da-vii-moscoxaves\/","title":{"rendered":"Contratos (PA 78\/2025) &#8211; Aquisi\u00e7\u00e3o de brindes a serem distribu\u00eddos durante a caminhada ecol\u00f3gica, como parte da programa\u00e7\u00e3o da VII MOSCOXAVES"},"content":{"rendered":"<blockquote><p>DOWNLOADS<\/p><\/blockquote>\n<ul>\n<li><a href=\"https:\/\/coronelxavierchaves.mg.gov.br\/prefeitura\/wp-content\/uploads\/2025\/08\/CONTRATO-FSG-78-2025.pdf\">CONTRATO: FSG<\/a>, publicado em 11\/08\/2025 \u00e0s 09:37h.<\/li>\n<li><a href=\"https:\/\/coronelxavierchaves.mg.gov.br\/prefeitura\/wp-content\/uploads\/2025\/08\/CONTRATO-GALAXY-78-2025.pdf\">CONTRATO: GALAXY<\/a>, publicado em 11\/08\/2025 \u00e0s 09:37h.<\/li>\n<\/ul>\n<blockquote><p>OBJETO<\/p><\/blockquote>\n<div style=\"text-align: justify;\">\n<div style=\"text-align: justify;\">\n<p><b>AQUISI\u00c7\u00c3O DE BRINDES A SEREM DISTRIBU\u00cdDOS DURANTE A CAMINHADA ECOL\u00d3GICA, REALIZADA NO DIA 07 DE SETEMBRO DE 2025, COMO PARTE DA PROGRAMA\u00c7\u00c3O DA VII MOSCOXAVES \u2013 MOSTRA CULTURAL DE DESENVOLVIMENTO ECON\u00d4MICO E TUR\u00cdSTICO DE CORONEL XAVIER CHAVES\/MG.\u00a0<\/b><\/p>\n<p>&nbsp;<\/p>\n<\/div>\n<\/div>\n<div class=\"printshowonly\">\n<p>*<b>PUBLICA\u00c7\u00c3O<\/b><\/p>\n<ul>\n<li>Um destaque desta publica\u00e7\u00e3o foi gerado na p\u00e1gina inicial do site, dispon\u00edvel at\u00e9 que demais publica\u00e7\u00f5es sejam realizadas.<\/li>\n<li>Uma publica\u00e7\u00e3o permanente foi feita na p\u00e1gina de Editais e Licita\u00e7\u00f5es.<\/li>\n<li>Link para acesso:http:\/\/coronelxavierchaves.mg.gov.br\/prefeitura\/wp-json\/wp\/v2\/posts\/24718<\/li>\n<\/ul>\n<\/div>\n","protected":false},"excerpt":{"rendered":"<p>DOWNLOADS CONTRATO: FSG, publicado em 11\/08\/2025 \u00e0s 09:37h. CONTRATO: GALAXY, publicado em 11\/08\/2025 \u00e0s 09:37h. OBJETO AQUISI\u00c7\u00c3O DE BRINDES A SEREM DISTRIBU\u00cdDOS DURANTE A CAMINHADA ECOL\u00d3GICA, REALIZADA NO DIA 07 DE SETEMBRO DE 2025, COMO PARTE DA PROGRAMA\u00c7\u00c3O DA VII MOSCOXAVES \u2013 MOSTRA CULTURAL DE DESENVOLVIMENTO ECON\u00d4MICO E TUR\u00cdSTICO DE CORONEL XAVIER CHAVES\/MG.\u00a0 &nbsp; *PUBLICA\u00c7\u00c3O [&hellip;]<\/p>\n","protected":false},"author":3,"featured_media":4367,"comment_status":"closed","ping_status":"closed","sticky":false,"template":"","format":"standard","meta":{"footnotes":"","_links_to":"","_links_to_target":""},"categories":[139],"tags":[],"class_list":{"0":"post-24718","1":"post","2":"type-post","3":"status-publish","4":"format-standard","5":"has-post-thumbnail","7":"category-contratos-aditivos-atas-e-outros-2025"},"_links":{"self":[{"href":"https:\/\/coronelxavierchaves.mg.gov.br\/prefeitura\/wp-json\/wp\/v2\/posts\/24718","targetHints":{"allow":["GET"]}}],"collection":[{"href":"https:\/\/coronelxavierchaves.mg.gov.br\/prefeitura\/wp-json\/wp\/v2\/posts"}],"about":[{"href":"https:\/\/coronelxavierchaves.mg.gov.br\/prefeitura\/wp-json\/wp\/v2\/types\/post"}],"author":[{"embeddable":true,"href":"https:\/\/coronelxavierchaves.mg.gov.br\/prefeitura\/wp-json\/wp\/v2\/users\/3"}],"replies":[{"embeddable":true,"href":"https:\/\/coronelxavierchaves.mg.gov.br\/prefeitura\/wp-json\/wp\/v2\/comments?post=24718"}],"version-history":[{"count":2,"href":"https:\/\/coronelxavierchaves.mg.gov.br\/prefeitura\/wp-json\/wp\/v2\/posts\/24718\/revisions"}],"predecessor-version":[{"id":24724,"href":"https:\/\/coronelxavierchaves.mg.gov.br\/prefeitura\/wp-json\/wp\/v2\/posts\/24718\/revisions\/24724"}],"wp:featuredmedia":[{"embeddable":true,"href":"https:\/\/coronelxavierchaves.mg.gov.br\/prefeitura\/wp-json\/wp\/v2\/media\/4367"}],"wp:attachment":[{"href":"https:\/\/coronelxavierchaves.mg.gov.br\/prefeitura\/wp-json\/wp\/v2\/media?parent=24718"}],"wp:term":[{"taxonomy":"category","embeddable":true,"href":"https:\/\/coronelxavierchaves.mg.gov.br\/prefeitura\/wp-json\/wp\/v2\/categories?post=24718"},{"taxonomy":"post_tag","embeddable":true,"href":"https:\/\/coronelxavierchaves.mg.gov.br\/prefeitura\/wp-json\/wp\/v2\/tags?post=24718"}],"curies":[{"name":"wp","href":"https:\/\/api.w.org\/{rel}","templated":true}]}}