{"id":24742,"date":"2025-08-13T15:42:14","date_gmt":"2025-08-13T18:42:14","guid":{"rendered":"https:\/\/coronelxavierchaves.mg.gov.br\/prefeitura\/?p=24742"},"modified":"2025-08-15T16:21:10","modified_gmt":"2025-08-15T19:21:10","slug":"autorizacao-pl-90-2025-contratacao-da-empresa-licitti-consultoria-e-treinamentos-para-ministrar-palestra-com-o-tema-participando-e-vencendo-licitacoes-publicas-destinada-a-empre","status":"publish","type":"post","link":"https:\/\/coronelxavierchaves.mg.gov.br\/prefeitura\/2025\/08\/13\/autorizacao-pl-90-2025-contratacao-da-empresa-licitti-consultoria-e-treinamentos-para-ministrar-palestra-com-o-tema-participando-e-vencendo-licitacoes-publicas-destinada-a-empre\/","title":{"rendered":"Autoriza\u00e7\u00e3o (PL 90\/2025) &#8211; Contrata\u00e7\u00e3o da empresa licitti consultoria e treinamentos para ministrar palestra com o tema \u201cparticipando e vencendo licita\u00e7\u00f5es p\u00fablicas\u201d, destinada a empreendedores locais e regionais&#8230;"},"content":{"rendered":"<blockquote><p>DOWNLOADS<\/p><\/blockquote>\n<ul>\n<li><a href=\"https:\/\/coronelxavierchaves.mg.gov.br\/prefeitura\/wp-content\/uploads\/2025\/08\/AUTORIZACAO-90-2025.pdf\">AUTORIZA\u00c7\u00c3O<\/a>, publicado em 13\/08\/2025 \u00e0s 15:42h.<\/li>\n<li><a href=\"https:\/\/coronelxavierchaves.mg.gov.br\/prefeitura\/wp-content\/uploads\/2025\/08\/CONTRATO-90-2025.pdf\">CONTRATO<\/a>, publicado em 15\/08\/2025 \u00e0s 16:20h.<\/li>\n<\/ul>\n<blockquote><p>OBJETO<\/p><\/blockquote>\n<div style=\"text-align: justify;\">\n<div style=\"text-align: justify;\">\n<p style=\"font-weight: 400;\"><strong>CONTRATA\u00c7\u00c3O DA EMPRESA LICITTI CONSULTORIA E TREINAMENTOS PARA MINISTRAR PALESTRA COM O TEMA \u201cPARTICIPANDO E VENCENDO LICITA\u00c7\u00d5ES P\u00daBLICAS\u201d, DESTINADA A EMPREENDEDORES LOCAIS E REGIONAIS, COM FOCO NO PROCESSO DE COMPRAS P\u00daBLICAS PARA AQUISI\u00c7\u00c3O DE BENS, EXECU\u00c7\u00c3O DE OBRAS E PRESTA\u00c7\u00c3O DE SERVI\u00c7OS, NO \u00c2MBITO DAS A\u00c7\u00d5ES DA SALA MINEIRA DO EMPREENDEDOR, PROMOVIDA PELA SECRETARIA MUNICIPAL DE DESENVOLVIMENTO ECON\u00d4MICO DO MUNIC\u00cdPIO DE CORONEL XAVIER CHAVES\/MG.<\/strong><\/p>\n<\/div>\n<div>\n<p>&nbsp;<\/p>\n<div>\n<p>*<b>PUBLICA\u00c7\u00c3O<\/b><\/p>\n<ul>\n<li>Um destaque desta publica\u00e7\u00e3o foi gerado na p\u00e1gina inicial do site, dispon\u00edvel at\u00e9 que demais publica\u00e7\u00f5es sejam realizadas.<\/li>\n<li>Uma publica\u00e7\u00e3o permanente foi feita na p\u00e1gina de Editais e Licita\u00e7\u00f5es.<\/li>\n<\/ul>\n<\/div>\n<\/div>\n<\/div>\n","protected":false},"excerpt":{"rendered":"<p>DOWNLOADS AUTORIZA\u00c7\u00c3O, publicado em 13\/08\/2025 \u00e0s 15:42h. CONTRATO, publicado em 15\/08\/2025 \u00e0s 16:20h. OBJETO CONTRATA\u00c7\u00c3O DA EMPRESA LICITTI CONSULTORIA E TREINAMENTOS PARA MINISTRAR PALESTRA COM O TEMA \u201cPARTICIPANDO E VENCENDO LICITA\u00c7\u00d5ES P\u00daBLICAS\u201d, DESTINADA A EMPREENDEDORES LOCAIS E REGIONAIS, COM FOCO NO PROCESSO DE COMPRAS P\u00daBLICAS PARA AQUISI\u00c7\u00c3O DE BENS, EXECU\u00c7\u00c3O DE OBRAS E PRESTA\u00c7\u00c3O DE [&hellip;]<\/p>\n","protected":false},"author":3,"featured_media":4367,"comment_status":"closed","ping_status":"closed","sticky":false,"template":"","format":"standard","meta":{"footnotes":"","_links_to":"","_links_to_target":""},"categories":[135],"tags":[],"class_list":{"0":"post-24742","1":"post","2":"type-post","3":"status-publish","4":"format-standard","5":"has-post-thumbnail","7":"category-editais-de-licitacao-2025"},"_links":{"self":[{"href":"https:\/\/coronelxavierchaves.mg.gov.br\/prefeitura\/wp-json\/wp\/v2\/posts\/24742","targetHints":{"allow":["GET"]}}],"collection":[{"href":"https:\/\/coronelxavierchaves.mg.gov.br\/prefeitura\/wp-json\/wp\/v2\/posts"}],"about":[{"href":"https:\/\/coronelxavierchaves.mg.gov.br\/prefeitura\/wp-json\/wp\/v2\/types\/post"}],"author":[{"embeddable":true,"href":"https:\/\/coronelxavierchaves.mg.gov.br\/prefeitura\/wp-json\/wp\/v2\/users\/3"}],"replies":[{"embeddable":true,"href":"https:\/\/coronelxavierchaves.mg.gov.br\/prefeitura\/wp-json\/wp\/v2\/comments?post=24742"}],"version-history":[{"count":3,"href":"https:\/\/coronelxavierchaves.mg.gov.br\/prefeitura\/wp-json\/wp\/v2\/posts\/24742\/revisions"}],"predecessor-version":[{"id":24786,"href":"https:\/\/coronelxavierchaves.mg.gov.br\/prefeitura\/wp-json\/wp\/v2\/posts\/24742\/revisions\/24786"}],"wp:featuredmedia":[{"embeddable":true,"href":"https:\/\/coronelxavierchaves.mg.gov.br\/prefeitura\/wp-json\/wp\/v2\/media\/4367"}],"wp:attachment":[{"href":"https:\/\/coronelxavierchaves.mg.gov.br\/prefeitura\/wp-json\/wp\/v2\/media?parent=24742"}],"wp:term":[{"taxonomy":"category","embeddable":true,"href":"https:\/\/coronelxavierchaves.mg.gov.br\/prefeitura\/wp-json\/wp\/v2\/categories?post=24742"},{"taxonomy":"post_tag","embeddable":true,"href":"https:\/\/coronelxavierchaves.mg.gov.br\/prefeitura\/wp-json\/wp\/v2\/tags?post=24742"}],"curies":[{"name":"wp","href":"https:\/\/api.w.org\/{rel}","templated":true}]}}