{"id":24746,"date":"2025-08-14T09:20:09","date_gmt":"2025-08-14T12:20:09","guid":{"rendered":"https:\/\/coronelxavierchaves.mg.gov.br\/prefeitura\/?p=24746"},"modified":"2025-08-14T09:20:30","modified_gmt":"2025-08-14T12:20:30","slug":"declaracao-de-processo-deserto-pl-89-2025-aquisicao-de-laminas-de-corte-em-aco-especial-compativeis-com-o-triturador-multiuso-jk-500","status":"publish","type":"post","link":"https:\/\/coronelxavierchaves.mg.gov.br\/prefeitura\/2025\/08\/14\/declaracao-de-processo-deserto-pl-89-2025-aquisicao-de-laminas-de-corte-em-aco-especial-compativeis-com-o-triturador-multiuso-jk-500\/","title":{"rendered":"Declara\u00e7\u00e3o de Processo Deserto (PL 89\/2025) &#8211; Aquisi\u00e7\u00e3o de l\u00e2minas de corte em a\u00e7o especial, compat\u00edveis com o triturador multiuso JK-500"},"content":{"rendered":"<blockquote><p>DOWNLOADS<\/p><\/blockquote>\n<ul>\n<li><a href=\"https:\/\/coronelxavierchaves.mg.gov.br\/prefeitura\/wp-content\/uploads\/2025\/08\/DECLARACAO-89-2025.pdf\">DECLARA\u00c7\u00c3O DE PROCESSO DESERTO<\/a>, publicado em 14\/08\/2025 \u00e0s 09:20h.<\/li>\n<\/ul>\n<blockquote><p>OBJETO<\/p><\/blockquote>\n<div style=\"text-align: justify;\">\n<div><b>AQUISI\u00c7\u00c3O DE L\u00c2MINAS DE CORTE EM A\u00c7O ESPECIAL, COMPAT\u00cdVEIS COM O TRITURADOR MULTIUSO JK-500, DA MARCA TRAPP, DESTINADAS AO EQUIPAMENTO EM USO NA USINA DE TRIAGEM, COMPOSTAGEM E CENTRO DE REFER\u00caNCIA EM EDUCA\u00c7\u00c3O AMBIENTAL \u201cJOS\u00c9 BENTO DE CASTRO\u201d.<\/b><\/div>\n<\/div>\n<div><\/div>\n<div><\/div>\n<div class=\"printshowonly\">\n<p>*<b>PUBLICA\u00c7\u00c3O<\/b><\/p>\n<ul>\n<li>Um destaque desta publica\u00e7\u00e3o foi gerado na p\u00e1gina inicial do site, dispon\u00edvel at\u00e9 que demais publica\u00e7\u00f5es sejam realizadas.<\/li>\n<li>Uma publica\u00e7\u00e3o permanente foi feita na p\u00e1gina de Editais e Licita\u00e7\u00f5es.<\/li>\n<li>Link para acesso:\u00a0http:\/\/coronelxavierchaves.mg.gov.br\/prefeitura\/wp-json\/wp\/v2\/posts\/24746<\/li>\n<\/ul>\n<\/div>\n","protected":false},"excerpt":{"rendered":"<p>DOWNLOADS DECLARA\u00c7\u00c3O DE PROCESSO DESERTO, publicado em 14\/08\/2025 \u00e0s 09:20h. OBJETO AQUISI\u00c7\u00c3O DE L\u00c2MINAS DE CORTE EM A\u00c7O ESPECIAL, COMPAT\u00cdVEIS COM O TRITURADOR MULTIUSO JK-500, DA MARCA TRAPP, DESTINADAS AO EQUIPAMENTO EM USO NA USINA DE TRIAGEM, COMPOSTAGEM E CENTRO DE REFER\u00caNCIA EM EDUCA\u00c7\u00c3O AMBIENTAL \u201cJOS\u00c9 BENTO DE CASTRO\u201d. *PUBLICA\u00c7\u00c3O Um destaque desta publica\u00e7\u00e3o foi [&hellip;]<\/p>\n","protected":false},"author":3,"featured_media":4367,"comment_status":"closed","ping_status":"closed","sticky":false,"template":"","format":"standard","meta":{"footnotes":"","_links_to":"","_links_to_target":""},"categories":[139],"tags":[],"class_list":{"0":"post-24746","1":"post","2":"type-post","3":"status-publish","4":"format-standard","5":"has-post-thumbnail","7":"category-contratos-aditivos-atas-e-outros-2025"},"_links":{"self":[{"href":"https:\/\/coronelxavierchaves.mg.gov.br\/prefeitura\/wp-json\/wp\/v2\/posts\/24746","targetHints":{"allow":["GET"]}}],"collection":[{"href":"https:\/\/coronelxavierchaves.mg.gov.br\/prefeitura\/wp-json\/wp\/v2\/posts"}],"about":[{"href":"https:\/\/coronelxavierchaves.mg.gov.br\/prefeitura\/wp-json\/wp\/v2\/types\/post"}],"author":[{"embeddable":true,"href":"https:\/\/coronelxavierchaves.mg.gov.br\/prefeitura\/wp-json\/wp\/v2\/users\/3"}],"replies":[{"embeddable":true,"href":"https:\/\/coronelxavierchaves.mg.gov.br\/prefeitura\/wp-json\/wp\/v2\/comments?post=24746"}],"version-history":[{"count":2,"href":"https:\/\/coronelxavierchaves.mg.gov.br\/prefeitura\/wp-json\/wp\/v2\/posts\/24746\/revisions"}],"predecessor-version":[{"id":24749,"href":"https:\/\/coronelxavierchaves.mg.gov.br\/prefeitura\/wp-json\/wp\/v2\/posts\/24746\/revisions\/24749"}],"wp:featuredmedia":[{"embeddable":true,"href":"https:\/\/coronelxavierchaves.mg.gov.br\/prefeitura\/wp-json\/wp\/v2\/media\/4367"}],"wp:attachment":[{"href":"https:\/\/coronelxavierchaves.mg.gov.br\/prefeitura\/wp-json\/wp\/v2\/media?parent=24746"}],"wp:term":[{"taxonomy":"category","embeddable":true,"href":"https:\/\/coronelxavierchaves.mg.gov.br\/prefeitura\/wp-json\/wp\/v2\/categories?post=24746"},{"taxonomy":"post_tag","embeddable":true,"href":"https:\/\/coronelxavierchaves.mg.gov.br\/prefeitura\/wp-json\/wp\/v2\/tags?post=24746"}],"curies":[{"name":"wp","href":"https:\/\/api.w.org\/{rel}","templated":true}]}}