{"id":24751,"date":"2025-08-14T10:40:44","date_gmt":"2025-08-14T13:40:44","guid":{"rendered":"https:\/\/coronelxavierchaves.mg.gov.br\/prefeitura\/?p=24751"},"modified":"2025-09-04T15:01:19","modified_gmt":"2025-09-04T18:01:19","slug":"aviso-de-licitacao-pl-92-2025-aquisicao-de-generos-alimenticios-destinados-a-distribuicao-aos-participantes-do-evento-pedal-moscoxaves-como-parte-da-programacao-da-vii-moscoxave","status":"publish","type":"post","link":"https:\/\/coronelxavierchaves.mg.gov.br\/prefeitura\/2025\/08\/14\/aviso-de-licitacao-pl-92-2025-aquisicao-de-generos-alimenticios-destinados-a-distribuicao-aos-participantes-do-evento-pedal-moscoxaves-como-parte-da-programacao-da-vii-moscoxave\/","title":{"rendered":"Aviso de Licita\u00e7\u00e3o (PL 92\/2025) &#8211; Aquisi\u00e7\u00e3o de g\u00eaneros aliment\u00edcios destinados \u00e0 distribui\u00e7\u00e3o aos participantes do evento \u201cPEDAL MOSCOXAVES\u201d, como parte da programa\u00e7\u00e3o da VII MOSCOXAVES"},"content":{"rendered":"<blockquote>\n<p style=\"text-align: center;\">DOWNLOADS<\/p>\n<\/blockquote>\n<ul>\n<li style=\"list-style-type: none;\">\n<ul>\n<li><a href=\"https:\/\/coronelxavierchaves.mg.gov.br\/prefeitura\/wp-content\/uploads\/2025\/08\/EDITAL-92-2025.pdf\">EDITAL<\/a>, publicado em 14\/08\/2025 \u00e0s 10:40h.<\/li>\n<li><a href=\"https:\/\/coronelxavierchaves.mg.gov.br\/prefeitura\/wp-content\/uploads\/2025\/09\/CONTRATO-BRUNO-92-2025.pdf\">CONTRATO: BRUNO<\/a>, publicado em 04\/09\/2025 \u00e0s 15:01h.<\/li>\n<li><a href=\"https:\/\/coronelxavierchaves.mg.gov.br\/prefeitura\/wp-content\/uploads\/2025\/09\/CONTRATO-LUCAS-92-2025.pdf\">CONTRATO: LUCAS<\/a>, publicado em 04\/09\/2025 \u00e0s 15:01h.<\/li>\n<\/ul>\n<\/li>\n<\/ul>\n<p style=\"text-align: center;\"><strong><u>AVISO DE LICITA\u00c7\u00c3O<\/u><\/strong><\/p>\n<p style=\"text-align: justify;\"><strong>Prefeitura Municipal de Coronel Xavier Chaves\/MG. Aviso de Licita\u00e7\u00e3o &#8211; Processo Licitat\u00f3rio \u2013 92\/2025, Preg\u00e3o Eletr\u00f4nico \u2013 39\/2025, do tipo<\/strong>\u00a0MENOR PRE\u00c7O POR ITEM.\u00a0<strong>OBJETO:<\/strong>\u00a0<strong>AQUISI\u00c7\u00c3O DE G\u00caNEROS ALIMENT\u00cdCIOS DESTINADOS \u00c0 DISTRIBUI\u00c7\u00c3O AOS PARTICIPANTES DO EVENTO \u201cPEDAL MOSCOXAVES\u201d, A SER REALIZADO EM 14 DE SETEMBRO DE 2025, COMO PARTE DA PROGRAMA\u00c7\u00c3O DA VII MOSCOXAVES \u2013 MOSTRA CULTURAL DE DESENVOLVIMENTO ECON\u00d4MICO E TUR\u00cdSTICO DE CORONEL XAVIER CHAVES\/MG.\u00a0<\/strong>Limite de acolhimento das propostas: dia 27\/08\/2025 \u00e0s 07h59min.\u00a0<strong>DISPUTA: 27\/08\/2025, \u00e0s 08h30min, na Plataforma LICITAPP<\/strong>,\u00a0<a href=\"https:\/\/coronelxavierchaves.licitapp.com.br\/\">https:\/\/coronelxavierchaves.licitapp.com.br\/\/<\/a>.\u00a0O edital est\u00e1 dispon\u00edvel no site\u00a0\u201c<a href=\"http:\/\/www.coronelxavierchaves.mg.gov.br\/\">www.coronelxavierchaves.mg.gov.br<\/a>&#8220;, mais informa\u00e7\u00f5es\u00a0na prefeitura municipal \u00e0 Rua Padre Reis, 84, Centro, Coronel Xavier Chaves\/MG, no hor\u00e1rio de 08h00min \u00e0s 12h00min e de 13h00min \u00e0s 16h00min. Tel.:\u00a0<a href=\"tel:%2832%29%203357-1235\">(32) 3216-1053<\/a>\/ (32) 9 9199-6496 (<em>Whatsapp<\/em>). Coronel Xavier Chaves, 14 de agosto de 2025. Juliana Jaques Camargos \u2013 Pregoeira.<\/p>\n<p>&nbsp;<\/p>\n<div class=\"printshowonly\">\n<p>*<b>PUBLICA\u00c7\u00c3O<\/b><\/p>\n<ul>\n<li>Um destaque desta publica\u00e7\u00e3o foi gerado na p\u00e1gina inicial do site, dispon\u00edvel at\u00e9 que demais publica\u00e7\u00f5es sejam realizadas.<\/li>\n<li>Uma publica\u00e7\u00e3o permanente foi feita na p\u00e1gina de Editais e Licita\u00e7\u00f5es.<\/li>\n<\/ul>\n<\/div>\n","protected":false},"excerpt":{"rendered":"<p>DOWNLOADS EDITAL, publicado em 14\/08\/2025 \u00e0s 10:40h. CONTRATO: BRUNO, publicado em 04\/09\/2025 \u00e0s 15:01h. CONTRATO: LUCAS, publicado em 04\/09\/2025 \u00e0s 15:01h. AVISO DE LICITA\u00c7\u00c3O Prefeitura Municipal de Coronel Xavier Chaves\/MG. Aviso de Licita\u00e7\u00e3o &#8211; Processo Licitat\u00f3rio \u2013 92\/2025, Preg\u00e3o Eletr\u00f4nico \u2013 39\/2025, do tipo\u00a0MENOR PRE\u00c7O POR ITEM.\u00a0OBJETO:\u00a0AQUISI\u00c7\u00c3O DE G\u00caNEROS ALIMENT\u00cdCIOS DESTINADOS \u00c0 DISTRIBUI\u00c7\u00c3O AOS PARTICIPANTES [&hellip;]<\/p>\n","protected":false},"author":3,"featured_media":4366,"comment_status":"closed","ping_status":"closed","sticky":false,"template":"","format":"standard","meta":{"footnotes":"","_links_to":"","_links_to_target":""},"categories":[135],"tags":[],"class_list":{"0":"post-24751","1":"post","2":"type-post","3":"status-publish","4":"format-standard","5":"has-post-thumbnail","7":"category-editais-de-licitacao-2025"},"_links":{"self":[{"href":"https:\/\/coronelxavierchaves.mg.gov.br\/prefeitura\/wp-json\/wp\/v2\/posts\/24751","targetHints":{"allow":["GET"]}}],"collection":[{"href":"https:\/\/coronelxavierchaves.mg.gov.br\/prefeitura\/wp-json\/wp\/v2\/posts"}],"about":[{"href":"https:\/\/coronelxavierchaves.mg.gov.br\/prefeitura\/wp-json\/wp\/v2\/types\/post"}],"author":[{"embeddable":true,"href":"https:\/\/coronelxavierchaves.mg.gov.br\/prefeitura\/wp-json\/wp\/v2\/users\/3"}],"replies":[{"embeddable":true,"href":"https:\/\/coronelxavierchaves.mg.gov.br\/prefeitura\/wp-json\/wp\/v2\/comments?post=24751"}],"version-history":[{"count":3,"href":"https:\/\/coronelxavierchaves.mg.gov.br\/prefeitura\/wp-json\/wp\/v2\/posts\/24751\/revisions"}],"predecessor-version":[{"id":24985,"href":"https:\/\/coronelxavierchaves.mg.gov.br\/prefeitura\/wp-json\/wp\/v2\/posts\/24751\/revisions\/24985"}],"wp:featuredmedia":[{"embeddable":true,"href":"https:\/\/coronelxavierchaves.mg.gov.br\/prefeitura\/wp-json\/wp\/v2\/media\/4366"}],"wp:attachment":[{"href":"https:\/\/coronelxavierchaves.mg.gov.br\/prefeitura\/wp-json\/wp\/v2\/media?parent=24751"}],"wp:term":[{"taxonomy":"category","embeddable":true,"href":"https:\/\/coronelxavierchaves.mg.gov.br\/prefeitura\/wp-json\/wp\/v2\/categories?post=24751"},{"taxonomy":"post_tag","embeddable":true,"href":"https:\/\/coronelxavierchaves.mg.gov.br\/prefeitura\/wp-json\/wp\/v2\/tags?post=24751"}],"curies":[{"name":"wp","href":"https:\/\/api.w.org\/{rel}","templated":true}]}}