{"id":24770,"date":"2025-08-15T16:12:11","date_gmt":"2025-08-15T19:12:11","guid":{"rendered":"https:\/\/coronelxavierchaves.mg.gov.br\/prefeitura\/?p=24770"},"modified":"2025-08-15T16:12:11","modified_gmt":"2025-08-15T19:12:11","slug":"1o-termo-aditivo-de-ata-de-registro-de-precos-pl-91-2024-aquisicao-de-material-de-consumo-medico-hospitalar-e-odontologico-atraves-de-desconto-sobre-o-catalogo-de-preco-da-revista-simpro-realp","status":"publish","type":"post","link":"https:\/\/coronelxavierchaves.mg.gov.br\/prefeitura\/2025\/08\/15\/1o-termo-aditivo-de-ata-de-registro-de-precos-pl-91-2024-aquisicao-de-material-de-consumo-medico-hospitalar-e-odontologico-atraves-de-desconto-sobre-o-catalogo-de-preco-da-revista-simpro-realp\/","title":{"rendered":"1\u00ba Termo Aditivo de Ata de registro de pre\u00e7os (PL 91\/2024) &#8211; Aquisi\u00e7\u00e3o De Material De Consumo M\u00e9dico-Hospitalar E Odontol\u00f3gico, Atrav\u00e9s De Desconto Sobre O Cat\u00e1logo De Pre\u00e7o Da Revista Simpro  &#8211; REALPHARMA"},"content":{"rendered":"<blockquote><p>DOWNLOADS<\/p><\/blockquote>\n<ul>\n<li><a href=\"https:\/\/coronelxavierchaves.mg.gov.br\/prefeitura\/wp-content\/uploads\/2025\/08\/1o-TA-ARP-REALPHARMA-91-2024.pdf\">1\u00ba TERMOA ADITIVO DE ATA DE REGISTRO DE PRE\u00c7OS: REALPHARMA<\/a>, publicado em 15\/08\/2025 \u00e0s 16:12h.<\/li>\n<\/ul>\n<blockquote><p>OBJETO<\/p><\/blockquote>\n<div style=\"text-align: justify;\">\n<div style=\"text-align: justify;\">\n<p><b>AQUISI\u00c7\u00c3O DE MATERIAL DE CONSUMO M\u00c9DICO-HOSPITALAR E ODONTOL\u00d3GICO, PARA UTILIZA\u00c7\u00c3O DAS UNIDADES DE SA\u00daDE DO MUNIC\u00cdPIO, ATRAV\u00c9S DE DESCONTO SOBRE O CAT\u00c1LOGO DE PRE\u00c7O DA REVISTA SIMPRO.<\/b><\/p>\n<p>&nbsp;<\/p>\n<\/div>\n<\/div>\n<div class=\"printshowonly\">\n<p>*<b>PUBLICA\u00c7\u00c3O<\/b><\/p>\n<ul>\n<li>Um destaque desta publica\u00e7\u00e3o foi gerado na p\u00e1gina inicial do site, dispon\u00edvel at\u00e9 que demais publica\u00e7\u00f5es sejam realizadas.<\/li>\n<li>Uma publica\u00e7\u00e3o permanente foi feita na p\u00e1gina de Editais e Licita\u00e7\u00f5es.<\/li>\n<li>Link para acesso:http:\/\/coronelxavierchaves.mg.gov.br\/prefeitura\/wp-json\/wp\/v2\/posts\/24770<\/li>\n<\/ul>\n<\/div>\n","protected":false},"excerpt":{"rendered":"<p>DOWNLOADS 1\u00ba TERMOA ADITIVO DE ATA DE REGISTRO DE PRE\u00c7OS: REALPHARMA, publicado em 15\/08\/2025 \u00e0s 16:12h. OBJETO AQUISI\u00c7\u00c3O DE MATERIAL DE CONSUMO M\u00c9DICO-HOSPITALAR E ODONTOL\u00d3GICO, PARA UTILIZA\u00c7\u00c3O DAS UNIDADES DE SA\u00daDE DO MUNIC\u00cdPIO, ATRAV\u00c9S DE DESCONTO SOBRE O CAT\u00c1LOGO DE PRE\u00c7O DA REVISTA SIMPRO. &nbsp; *PUBLICA\u00c7\u00c3O Um destaque desta publica\u00e7\u00e3o foi gerado na p\u00e1gina inicial [&hellip;]<\/p>\n","protected":false},"author":3,"featured_media":4367,"comment_status":"closed","ping_status":"closed","sticky":false,"template":"","format":"standard","meta":{"footnotes":"","_links_to":"","_links_to_target":""},"categories":[139],"tags":[],"class_list":{"0":"post-24770","1":"post","2":"type-post","3":"status-publish","4":"format-standard","5":"has-post-thumbnail","7":"category-contratos-aditivos-atas-e-outros-2025"},"_links":{"self":[{"href":"https:\/\/coronelxavierchaves.mg.gov.br\/prefeitura\/wp-json\/wp\/v2\/posts\/24770","targetHints":{"allow":["GET"]}}],"collection":[{"href":"https:\/\/coronelxavierchaves.mg.gov.br\/prefeitura\/wp-json\/wp\/v2\/posts"}],"about":[{"href":"https:\/\/coronelxavierchaves.mg.gov.br\/prefeitura\/wp-json\/wp\/v2\/types\/post"}],"author":[{"embeddable":true,"href":"https:\/\/coronelxavierchaves.mg.gov.br\/prefeitura\/wp-json\/wp\/v2\/users\/3"}],"replies":[{"embeddable":true,"href":"https:\/\/coronelxavierchaves.mg.gov.br\/prefeitura\/wp-json\/wp\/v2\/comments?post=24770"}],"version-history":[{"count":1,"href":"https:\/\/coronelxavierchaves.mg.gov.br\/prefeitura\/wp-json\/wp\/v2\/posts\/24770\/revisions"}],"predecessor-version":[{"id":24773,"href":"https:\/\/coronelxavierchaves.mg.gov.br\/prefeitura\/wp-json\/wp\/v2\/posts\/24770\/revisions\/24773"}],"wp:featuredmedia":[{"embeddable":true,"href":"https:\/\/coronelxavierchaves.mg.gov.br\/prefeitura\/wp-json\/wp\/v2\/media\/4367"}],"wp:attachment":[{"href":"https:\/\/coronelxavierchaves.mg.gov.br\/prefeitura\/wp-json\/wp\/v2\/media?parent=24770"}],"wp:term":[{"taxonomy":"category","embeddable":true,"href":"https:\/\/coronelxavierchaves.mg.gov.br\/prefeitura\/wp-json\/wp\/v2\/categories?post=24770"},{"taxonomy":"post_tag","embeddable":true,"href":"https:\/\/coronelxavierchaves.mg.gov.br\/prefeitura\/wp-json\/wp\/v2\/tags?post=24770"}],"curies":[{"name":"wp","href":"https:\/\/api.w.org\/{rel}","templated":true}]}}