{"id":24775,"date":"2025-08-15T16:17:28","date_gmt":"2025-08-15T19:17:28","guid":{"rendered":"https:\/\/coronelxavierchaves.mg.gov.br\/prefeitura\/?p=24775"},"modified":"2025-08-15T16:17:28","modified_gmt":"2025-08-15T19:17:28","slug":"1o-termo-aditivo-de-atas-de-registro-de-precos-pl-96-2024-registro-de-precos-para-aquisicao-parcelada-de-material-de-expediente-escolar-e-utensilios-diversos","status":"publish","type":"post","link":"https:\/\/coronelxavierchaves.mg.gov.br\/prefeitura\/2025\/08\/15\/1o-termo-aditivo-de-atas-de-registro-de-precos-pl-96-2024-registro-de-precos-para-aquisicao-parcelada-de-material-de-expediente-escolar-e-utensilios-diversos\/","title":{"rendered":"1\u00ba Termo Aditivo de Atas de registro de pre\u00e7os (PL 96\/2024) &#8211; Registro De Pre\u00e7os Para Aquisi\u00e7\u00e3o Parcelada De Material De Expediente, Escolar E Utens\u00edlios Diversos&#8230;"},"content":{"rendered":"<blockquote><p>DOWNLOADS<\/p><\/blockquote>\n<ul>\n<li><a href=\"https:\/\/coronelxavierchaves.mg.gov.br\/prefeitura\/wp-content\/uploads\/2025\/08\/1o-TA-ARP-WSANTIAGO-96-2024.pdf\">1\u00ba ADITIVO DE ATA DE REGISTRO DE PRE\u00c7OS: WSANTIAGO EMPREENDIMENTOS<\/a>, publicado em 15\/08\/2025 \u00e0s 16:17h.<\/li>\n<li><a href=\"https:\/\/coronelxavierchaves.mg.gov.br\/prefeitura\/wp-content\/uploads\/2025\/08\/1o-TA-ARP-GROSSI-96-2024.pdf\">1\u00ba ADITIVO DE ATA DE REGISTRO DE PRE\u00c7OS: COMERCIAL GROSSI<\/a>, publicado em 15\/08\/2025 \u00e0s 16:17h.<\/li>\n<li><a href=\"https:\/\/coronelxavierchaves.mg.gov.br\/prefeitura\/wp-content\/uploads\/2025\/08\/1o-TA-ARP-LOUSART-96-2024.pdf\">1\u00ba ADITIVO DE ATA DE REGISTRO DE PRE\u00c7OS: LOUSART<\/a>, publicado em 15\/08\/2025 \u00e0s 16:17h.<\/li>\n<\/ul>\n<blockquote><p>OBJETO<\/p><\/blockquote>\n<div style=\"text-align: justify;\">\n<div style=\"text-align: justify;\">\n<p><b>REGISTRO DE PRE\u00c7OS PARA AQUISI\u00c7\u00c3O PARCELADA DE MATERIAL DE EXPEDIENTE, ESCOLAR E UTENS\u00cdLIOS DIVERSOS PARA SEREM UTILIZADOS PELAS SECRETARIAS MUNICIPAIS.<\/b><\/p>\n<p>&nbsp;<\/p>\n<\/div>\n<\/div>\n<div class=\"printshowonly\">\n<p>*<b>PUBLICA\u00c7\u00c3O<\/b><\/p>\n<ul>\n<li>Um destaque desta publica\u00e7\u00e3o foi gerado na p\u00e1gina inicial do site, dispon\u00edvel at\u00e9 que demais publica\u00e7\u00f5es sejam realizadas.<\/li>\n<li>Uma publica\u00e7\u00e3o permanente foi feita na p\u00e1gina de Editais e Licita\u00e7\u00f5es.<\/li>\n<li>Link para acesso:http:\/\/coronelxavierchaves.mg.gov.br\/prefeitura\/wp-json\/wp\/v2\/posts\/24775<\/li>\n<\/ul>\n<\/div>\n","protected":false},"excerpt":{"rendered":"<p>DOWNLOADS 1\u00ba ADITIVO DE ATA DE REGISTRO DE PRE\u00c7OS: WSANTIAGO EMPREENDIMENTOS, publicado em 15\/08\/2025 \u00e0s 16:17h. 1\u00ba ADITIVO DE ATA DE REGISTRO DE PRE\u00c7OS: COMERCIAL GROSSI, publicado em 15\/08\/2025 \u00e0s 16:17h. 1\u00ba ADITIVO DE ATA DE REGISTRO DE PRE\u00c7OS: LOUSART, publicado em 15\/08\/2025 \u00e0s 16:17h. OBJETO REGISTRO DE PRE\u00c7OS PARA AQUISI\u00c7\u00c3O PARCELADA DE MATERIAL DE [&hellip;]<\/p>\n","protected":false},"author":3,"featured_media":4367,"comment_status":"closed","ping_status":"closed","sticky":false,"template":"","format":"standard","meta":{"footnotes":"","_links_to":"","_links_to_target":""},"categories":[139],"tags":[],"class_list":{"0":"post-24775","1":"post","2":"type-post","3":"status-publish","4":"format-standard","5":"has-post-thumbnail","7":"category-contratos-aditivos-atas-e-outros-2025"},"_links":{"self":[{"href":"https:\/\/coronelxavierchaves.mg.gov.br\/prefeitura\/wp-json\/wp\/v2\/posts\/24775","targetHints":{"allow":["GET"]}}],"collection":[{"href":"https:\/\/coronelxavierchaves.mg.gov.br\/prefeitura\/wp-json\/wp\/v2\/posts"}],"about":[{"href":"https:\/\/coronelxavierchaves.mg.gov.br\/prefeitura\/wp-json\/wp\/v2\/types\/post"}],"author":[{"embeddable":true,"href":"https:\/\/coronelxavierchaves.mg.gov.br\/prefeitura\/wp-json\/wp\/v2\/users\/3"}],"replies":[{"embeddable":true,"href":"https:\/\/coronelxavierchaves.mg.gov.br\/prefeitura\/wp-json\/wp\/v2\/comments?post=24775"}],"version-history":[{"count":1,"href":"https:\/\/coronelxavierchaves.mg.gov.br\/prefeitura\/wp-json\/wp\/v2\/posts\/24775\/revisions"}],"predecessor-version":[{"id":24780,"href":"https:\/\/coronelxavierchaves.mg.gov.br\/prefeitura\/wp-json\/wp\/v2\/posts\/24775\/revisions\/24780"}],"wp:featuredmedia":[{"embeddable":true,"href":"https:\/\/coronelxavierchaves.mg.gov.br\/prefeitura\/wp-json\/wp\/v2\/media\/4367"}],"wp:attachment":[{"href":"https:\/\/coronelxavierchaves.mg.gov.br\/prefeitura\/wp-json\/wp\/v2\/media?parent=24775"}],"wp:term":[{"taxonomy":"category","embeddable":true,"href":"https:\/\/coronelxavierchaves.mg.gov.br\/prefeitura\/wp-json\/wp\/v2\/categories?post=24775"},{"taxonomy":"post_tag","embeddable":true,"href":"https:\/\/coronelxavierchaves.mg.gov.br\/prefeitura\/wp-json\/wp\/v2\/tags?post=24775"}],"curies":[{"name":"wp","href":"https:\/\/api.w.org\/{rel}","templated":true}]}}