{"id":24787,"date":"2025-08-15T16:24:09","date_gmt":"2025-08-15T19:24:09","guid":{"rendered":"https:\/\/coronelxavierchaves.mg.gov.br\/prefeitura\/?p=24787"},"modified":"2025-08-15T16:24:09","modified_gmt":"2025-08-15T19:24:09","slug":"contrato-direto-locacao-de-80-kits-compostos-por-mesas-e-cadeiras-de-madeira-dobraveis-para-serem-utilizadas-durante-a-vii-moscoxaves-midiashow-ltda","status":"publish","type":"post","link":"https:\/\/coronelxavierchaves.mg.gov.br\/prefeitura\/2025\/08\/15\/contrato-direto-locacao-de-80-kits-compostos-por-mesas-e-cadeiras-de-madeira-dobraveis-para-serem-utilizadas-durante-a-vii-moscoxaves-midiashow-ltda\/","title":{"rendered":"Contrato Direto: Loca\u00e7\u00e3o de 80 kits compostos por mesas e cadeiras de madeira, dobr\u00e1veis, para serem utilizadas durante a VII Moscoxaves &#8211; MIDIASHOW LTDA"},"content":{"rendered":"<blockquote><p>DOWNLOADS<\/p><\/blockquote>\n<ul>\n<li><a href=\"https:\/\/coronelxavierchaves.mg.gov.br\/prefeitura\/wp-content\/uploads\/2025\/08\/CONTRATO-Direto-mesas-e-cadeiras.pdf\">CONTRATO<\/a>, publicado em 15\/08\/2025 \u00e0s 16:24h.<\/li>\n<\/ul>\n<blockquote><p>OBJETO<\/p><\/blockquote>\n<div style=\"text-align: justify;\">\n<div style=\"text-align: justify;\">\n<div style=\"text-align: justify;\">Loca\u00e7\u00e3o de 80 kits compostos por mesas e cadeiras de madeira, dobr\u00e1veis, para serem utilizadas durante a VII Moscoxaves \u2013 Mostra Cultural de Desenvolvimento Econ\u00f4mico e Tur\u00edstico de Coronel Xavier Chaves\/MG.<\/div>\n<\/div>\n<\/div>\n","protected":false},"excerpt":{"rendered":"<p>DOWNLOADS CONTRATO, publicado em 15\/08\/2025 \u00e0s 16:24h. OBJETO Loca\u00e7\u00e3o de 80 kits compostos por mesas e cadeiras de madeira, dobr\u00e1veis, para serem utilizadas durante a VII Moscoxaves \u2013 Mostra Cultural de Desenvolvimento Econ\u00f4mico e Tur\u00edstico de Coronel Xavier Chaves\/MG.<\/p>\n","protected":false},"author":3,"featured_media":4367,"comment_status":"closed","ping_status":"closed","sticky":false,"template":"","format":"standard","meta":{"footnotes":"","_links_to":"","_links_to_target":""},"categories":[139],"tags":[],"class_list":{"0":"post-24787","1":"post","2":"type-post","3":"status-publish","4":"format-standard","5":"has-post-thumbnail","7":"category-contratos-aditivos-atas-e-outros-2025"},"_links":{"self":[{"href":"https:\/\/coronelxavierchaves.mg.gov.br\/prefeitura\/wp-json\/wp\/v2\/posts\/24787","targetHints":{"allow":["GET"]}}],"collection":[{"href":"https:\/\/coronelxavierchaves.mg.gov.br\/prefeitura\/wp-json\/wp\/v2\/posts"}],"about":[{"href":"https:\/\/coronelxavierchaves.mg.gov.br\/prefeitura\/wp-json\/wp\/v2\/types\/post"}],"author":[{"embeddable":true,"href":"https:\/\/coronelxavierchaves.mg.gov.br\/prefeitura\/wp-json\/wp\/v2\/users\/3"}],"replies":[{"embeddable":true,"href":"https:\/\/coronelxavierchaves.mg.gov.br\/prefeitura\/wp-json\/wp\/v2\/comments?post=24787"}],"version-history":[{"count":1,"href":"https:\/\/coronelxavierchaves.mg.gov.br\/prefeitura\/wp-json\/wp\/v2\/posts\/24787\/revisions"}],"predecessor-version":[{"id":24789,"href":"https:\/\/coronelxavierchaves.mg.gov.br\/prefeitura\/wp-json\/wp\/v2\/posts\/24787\/revisions\/24789"}],"wp:featuredmedia":[{"embeddable":true,"href":"https:\/\/coronelxavierchaves.mg.gov.br\/prefeitura\/wp-json\/wp\/v2\/media\/4367"}],"wp:attachment":[{"href":"https:\/\/coronelxavierchaves.mg.gov.br\/prefeitura\/wp-json\/wp\/v2\/media?parent=24787"}],"wp:term":[{"taxonomy":"category","embeddable":true,"href":"https:\/\/coronelxavierchaves.mg.gov.br\/prefeitura\/wp-json\/wp\/v2\/categories?post=24787"},{"taxonomy":"post_tag","embeddable":true,"href":"https:\/\/coronelxavierchaves.mg.gov.br\/prefeitura\/wp-json\/wp\/v2\/tags?post=24787"}],"curies":[{"name":"wp","href":"https:\/\/api.w.org\/{rel}","templated":true}]}}