{"id":24790,"date":"2025-08-15T16:27:21","date_gmt":"2025-08-15T19:27:21","guid":{"rendered":"https:\/\/coronelxavierchaves.mg.gov.br\/prefeitura\/?p=24790"},"modified":"2025-09-04T15:04:28","modified_gmt":"2025-09-04T18:04:28","slug":"aviso-de-licitacao-pl-94-2025-registro-de-precos-para-a-aquisicao-de-pecas-originais-ou-compativeis-de-primeira-linha-destinadas-a-manutencao-preventiva-e-corretiva-de-maquinas-da-marca-stihl","status":"publish","type":"post","link":"https:\/\/coronelxavierchaves.mg.gov.br\/prefeitura\/2025\/08\/15\/aviso-de-licitacao-pl-94-2025-registro-de-precos-para-a-aquisicao-de-pecas-originais-ou-compativeis-de-primeira-linha-destinadas-a-manutencao-preventiva-e-corretiva-de-maquinas-da-marca-stihl\/","title":{"rendered":"Aviso de Licita\u00e7\u00e3o (PL 94\/2025) &#8211; Registro de pre\u00e7os para a aquisi\u00e7\u00e3o de pe\u00e7as originais ou compat\u00edveis de primeira linha destinadas \u00e0 manuten\u00e7\u00e3o preventiva e corretiva de m\u00e1quinas da marca Stihl"},"content":{"rendered":"<blockquote>\n<p style=\"text-align: center;\">DOWNLOADS<\/p>\n<\/blockquote>\n<ul>\n<li style=\"list-style-type: none;\">\n<ul>\n<li><del><a href=\"https:\/\/coronelxavierchaves.mg.gov.br\/prefeitura\/wp-content\/uploads\/2025\/08\/EDITAL-94-2025.pdf\">EDITAL<\/a>, publicado em 15\/08\/2025 \u00e0s 16:27h<\/del>. Retificado em 26\/08\/2025.<\/li>\n<li><a href=\"https:\/\/coronelxavierchaves.mg.gov.br\/prefeitura\/wp-content\/uploads\/2025\/08\/ERRATA-94-2025.pdf\">ERRATA<\/a>, publicado em 26\/08\/2025 \u00e0s 11:12h.<\/li>\n<li><a href=\"https:\/\/coronelxavierchaves.mg.gov.br\/prefeitura\/wp-content\/uploads\/2025\/08\/EDITAL-RETIFICADO-94-2025.pdf\">EDITAL RETIFICADO<\/a>, publicado em 26\/08\/2025 \u00e0s 11:12h.<\/li>\n<li><a href=\"https:\/\/coronelxavierchaves.mg.gov.br\/prefeitura\/wp-content\/uploads\/2025\/09\/ARP-MATEUS-94-2025.pdf\">ATA DE REGISTRO DE PRE\u00c7OS<\/a>, publicado em 04\/09\/2025 \u00e0s 15:04h.<\/li>\n<\/ul>\n<\/li>\n<\/ul>\n<p style=\"text-align: center;\"><strong><u>AVISO DE LICITA\u00c7\u00c3O<\/u><\/strong><\/p>\n<p style=\"text-align: justify;\"><strong>Prefeitura Municipal de Coronel Xavier Chaves\/MG. Aviso de Licita\u00e7\u00e3o &#8211; Processo Licitat\u00f3rio \u2013 94\/2025, Preg\u00e3o Eletr\u00f4nico \u2013 41\/2025, do tipo<\/strong>\u00a0MENOR PRE\u00c7O POR LOTE.\u00a0<strong>OBJETO:<\/strong>\u00a0<strong>\u00a0<\/strong>REGISTRO DE PRE\u00c7OS PARA A AQUISI\u00c7\u00c3O DE\u00a0PE\u00c7AS ORIGINAIS OU COMPAT\u00cdVEIS DE PRIMEIRA LINHA DESTINADAS \u00c0 MANUTEN\u00c7\u00c3O PREVENTIVA E CORRETIVA DE M\u00c1QUINAS DA MARCA STIHL, VISANDO ATENDER \u00c0S NECESSIDADES OPERACIONAIS DA SECRETARIA MUNICIPAL DE OBRAS E URBANISMO DO MUNIC\u00cdPIO DE CORONEL XAVIER CHAVES\/MG.<strong>\u00a0<\/strong>Limite de acolhimento das propostas: dia 02\/09\/2025 \u00e0s 07h59min.\u00a0<strong>DISPUTA: 02\/09\/2025, \u00e0s 08h30min, na Plataforma LICITAPP<\/strong>,\u00a0<a href=\"https:\/\/coronelxavierchaves.licitapp.com.br\/\">https:\/\/coronelxavierchaves.licitapp.com.br\/\/<\/a>.\u00a0O edital est\u00e1 dispon\u00edvel no site\u00a0\u201c<a href=\"http:\/\/www.coronelxavierchaves.mg.gov.br\/\">www.coronelxavierchaves.mg.gov.br<\/a>&#8220;, mais informa\u00e7\u00f5es\u00a0na prefeitura municipal \u00e0 Rua Padre Reis, 84, Centro, Coronel Xavier Chaves\/MG, no hor\u00e1rio de 08h00min \u00e0s 12h00min e de 13h00min \u00e0s 16h00min. Tel.:\u00a0<a href=\"tel:%2832%29%203357-1235\">(32) 3216-1053<\/a>\/ (32) 9 9199-6496 (<em>Whatsapp<\/em>). Coronel Xavier Chaves, 15 de agosto de 2025. Juliana Jaques Camargos \u2013 Pregoeira.<\/p>\n<p>&nbsp;<\/p>\n<div class=\"printshowonly\">\n<p>*<b>PUBLICA\u00c7\u00c3O<\/b><\/p>\n<ul>\n<li>Um destaque desta publica\u00e7\u00e3o foi gerado na p\u00e1gina inicial do site, dispon\u00edvel at\u00e9 que demais publica\u00e7\u00f5es sejam realizadas.<\/li>\n<li>Uma publica\u00e7\u00e3o permanente foi feita na p\u00e1gina de Editais e Licita\u00e7\u00f5es.<\/li>\n<\/ul>\n<\/div>\n","protected":false},"excerpt":{"rendered":"<p>DOWNLOADS EDITAL, publicado em 15\/08\/2025 \u00e0s 16:27h. Retificado em 26\/08\/2025. ERRATA, publicado em 26\/08\/2025 \u00e0s 11:12h. EDITAL RETIFICADO, publicado em 26\/08\/2025 \u00e0s 11:12h. ATA DE REGISTRO DE PRE\u00c7OS, publicado em 04\/09\/2025 \u00e0s 15:04h. AVISO DE LICITA\u00c7\u00c3O Prefeitura Municipal de Coronel Xavier Chaves\/MG. Aviso de Licita\u00e7\u00e3o &#8211; Processo Licitat\u00f3rio \u2013 94\/2025, Preg\u00e3o Eletr\u00f4nico \u2013 41\/2025, do [&hellip;]<\/p>\n","protected":false},"author":3,"featured_media":4366,"comment_status":"closed","ping_status":"closed","sticky":false,"template":"","format":"standard","meta":{"footnotes":"","_links_to":"","_links_to_target":""},"categories":[135],"tags":[],"class_list":{"0":"post-24790","1":"post","2":"type-post","3":"status-publish","4":"format-standard","5":"has-post-thumbnail","7":"category-editais-de-licitacao-2025"},"_links":{"self":[{"href":"https:\/\/coronelxavierchaves.mg.gov.br\/prefeitura\/wp-json\/wp\/v2\/posts\/24790","targetHints":{"allow":["GET"]}}],"collection":[{"href":"https:\/\/coronelxavierchaves.mg.gov.br\/prefeitura\/wp-json\/wp\/v2\/posts"}],"about":[{"href":"https:\/\/coronelxavierchaves.mg.gov.br\/prefeitura\/wp-json\/wp\/v2\/types\/post"}],"author":[{"embeddable":true,"href":"https:\/\/coronelxavierchaves.mg.gov.br\/prefeitura\/wp-json\/wp\/v2\/users\/3"}],"replies":[{"embeddable":true,"href":"https:\/\/coronelxavierchaves.mg.gov.br\/prefeitura\/wp-json\/wp\/v2\/comments?post=24790"}],"version-history":[{"count":4,"href":"https:\/\/coronelxavierchaves.mg.gov.br\/prefeitura\/wp-json\/wp\/v2\/posts\/24790\/revisions"}],"predecessor-version":[{"id":24989,"href":"https:\/\/coronelxavierchaves.mg.gov.br\/prefeitura\/wp-json\/wp\/v2\/posts\/24790\/revisions\/24989"}],"wp:featuredmedia":[{"embeddable":true,"href":"https:\/\/coronelxavierchaves.mg.gov.br\/prefeitura\/wp-json\/wp\/v2\/media\/4366"}],"wp:attachment":[{"href":"https:\/\/coronelxavierchaves.mg.gov.br\/prefeitura\/wp-json\/wp\/v2\/media?parent=24790"}],"wp:term":[{"taxonomy":"category","embeddable":true,"href":"https:\/\/coronelxavierchaves.mg.gov.br\/prefeitura\/wp-json\/wp\/v2\/categories?post=24790"},{"taxonomy":"post_tag","embeddable":true,"href":"https:\/\/coronelxavierchaves.mg.gov.br\/prefeitura\/wp-json\/wp\/v2\/tags?post=24790"}],"curies":[{"name":"wp","href":"https:\/\/api.w.org\/{rel}","templated":true}]}}