{"id":24797,"date":"2025-08-19T09:08:09","date_gmt":"2025-08-19T12:08:09","guid":{"rendered":"https:\/\/coronelxavierchaves.mg.gov.br\/prefeitura\/?p=24797"},"modified":"2025-08-19T09:08:09","modified_gmt":"2025-08-19T12:08:09","slug":"contrato-e-ordem-de-servico-pl-75-2025-contratacao-de-empresa-especializada-para-execucao-de-servicos-de-engenharia-na-escola-municipal-sebastiao-patricio-pinto","status":"publish","type":"post","link":"https:\/\/coronelxavierchaves.mg.gov.br\/prefeitura\/2025\/08\/19\/contrato-e-ordem-de-servico-pl-75-2025-contratacao-de-empresa-especializada-para-execucao-de-servicos-de-engenharia-na-escola-municipal-sebastiao-patricio-pinto\/","title":{"rendered":"Contrato e Ordem de Servi\u00e7o (PL 75\/2025) &#8211; Contrata\u00e7\u00e3o de empresa especializada para execu\u00e7\u00e3o de servi\u00e7os de engenharia na Escola Municipal \u201cSebasti\u00e3o Patr\u00edcio Pinto\u201d"},"content":{"rendered":"<blockquote><p>DOWNLOADS<\/p><\/blockquote>\n<ul>\n<li><a href=\"https:\/\/coronelxavierchaves.mg.gov.br\/prefeitura\/wp-content\/uploads\/2025\/08\/CONTRATO-VIFRAN-75-2025.pdf\">CONTRATO<\/a>, publicado em 19\/08\/2025 \u00e0s 09:08h.<\/li>\n<li><a href=\"https:\/\/coronelxavierchaves.mg.gov.br\/prefeitura\/wp-content\/uploads\/2025\/08\/ORDEM-DE-SERVICO-75-2025.pdf\">ORDEM DE SERVI\u00c7O<\/a>, publicado em 19\/08\/2025 \u00e0s 09:08h.<\/li>\n<\/ul>\n<blockquote><p>OBJETO<\/p><\/blockquote>\n<div style=\"text-align: justify;\">\n<div style=\"text-align: justify;\">\n<div style=\"text-align: justify;\">\n<div><b>CONTRATA\u00c7\u00c3O DE EMPRESA ESPECIALIZADA PARA EXECU\u00c7\u00c3O DE SERVI\u00c7OS DE ENGENHARIA NA ESCOLA MUNICIPAL \u201cSEBASTI\u00c3O PATR\u00cdCIO PINTO\u201d, LOCALIZADA NO MUNIC\u00cdPIO DE CORONEL XAVIER CHAVES\/MG, CONTEMPLANDO: REFORMA E REFOR\u00c7O ESTRUTURAL DO MURO DE ARRIMO; APLICA\u00c7\u00c3O DE REVESTIMENTO EM PASTILHAS NAS PAREDES DOS CORREDORES; INSTALA\u00c7\u00c3O DE CALHAS DE CAPTA\u00c7\u00c3O PLUVIAL; PINTURA DA ESCOLA, DA QUADRA POLIESPORTIVA E DO AUDIT\u00d3RIO; E PINTURA EXTERNA DA EDIFICA\u00c7\u00c3O DA BIBLIOTECA.<\/b><\/div>\n<div>\n<p>&nbsp;<\/p>\n<div class=\"printshowonly\">\n<p>*<b>PUBLICA\u00c7\u00c3O<\/b><\/p>\n<ul>\n<li>Um destaque desta publica\u00e7\u00e3o foi gerado na p\u00e1gina inicial do site, dispon\u00edvel at\u00e9 que demais publica\u00e7\u00f5es sejam realizadas.<\/li>\n<li>Uma publica\u00e7\u00e3o permanente foi feita na p\u00e1gina de Editais e Licita\u00e7\u00f5es.<\/li>\n<li>Link para acesso:\u00a0http:\/\/coronelxavierchaves.mg.gov.br\/prefeitura\/wp-json\/wp\/v2\/posts\/24797<\/li>\n<\/ul>\n<\/div>\n<\/div>\n<\/div>\n<div><\/div>\n<\/div>\n<\/div>\n","protected":false},"excerpt":{"rendered":"<p>DOWNLOADS CONTRATO, publicado em 19\/08\/2025 \u00e0s 09:08h. ORDEM DE SERVI\u00c7O, publicado em 19\/08\/2025 \u00e0s 09:08h. OBJETO CONTRATA\u00c7\u00c3O DE EMPRESA ESPECIALIZADA PARA EXECU\u00c7\u00c3O DE SERVI\u00c7OS DE ENGENHARIA NA ESCOLA MUNICIPAL \u201cSEBASTI\u00c3O PATR\u00cdCIO PINTO\u201d, LOCALIZADA NO MUNIC\u00cdPIO DE CORONEL XAVIER CHAVES\/MG, CONTEMPLANDO: REFORMA E REFOR\u00c7O ESTRUTURAL DO MURO DE ARRIMO; APLICA\u00c7\u00c3O DE REVESTIMENTO EM PASTILHAS NAS PAREDES [&hellip;]<\/p>\n","protected":false},"author":3,"featured_media":4367,"comment_status":"closed","ping_status":"closed","sticky":false,"template":"","format":"standard","meta":{"footnotes":"","_links_to":"","_links_to_target":""},"categories":[139],"tags":[],"class_list":{"0":"post-24797","1":"post","2":"type-post","3":"status-publish","4":"format-standard","5":"has-post-thumbnail","7":"category-contratos-aditivos-atas-e-outros-2025"},"_links":{"self":[{"href":"https:\/\/coronelxavierchaves.mg.gov.br\/prefeitura\/wp-json\/wp\/v2\/posts\/24797","targetHints":{"allow":["GET"]}}],"collection":[{"href":"https:\/\/coronelxavierchaves.mg.gov.br\/prefeitura\/wp-json\/wp\/v2\/posts"}],"about":[{"href":"https:\/\/coronelxavierchaves.mg.gov.br\/prefeitura\/wp-json\/wp\/v2\/types\/post"}],"author":[{"embeddable":true,"href":"https:\/\/coronelxavierchaves.mg.gov.br\/prefeitura\/wp-json\/wp\/v2\/users\/3"}],"replies":[{"embeddable":true,"href":"https:\/\/coronelxavierchaves.mg.gov.br\/prefeitura\/wp-json\/wp\/v2\/comments?post=24797"}],"version-history":[{"count":1,"href":"https:\/\/coronelxavierchaves.mg.gov.br\/prefeitura\/wp-json\/wp\/v2\/posts\/24797\/revisions"}],"predecessor-version":[{"id":24801,"href":"https:\/\/coronelxavierchaves.mg.gov.br\/prefeitura\/wp-json\/wp\/v2\/posts\/24797\/revisions\/24801"}],"wp:featuredmedia":[{"embeddable":true,"href":"https:\/\/coronelxavierchaves.mg.gov.br\/prefeitura\/wp-json\/wp\/v2\/media\/4367"}],"wp:attachment":[{"href":"https:\/\/coronelxavierchaves.mg.gov.br\/prefeitura\/wp-json\/wp\/v2\/media?parent=24797"}],"wp:term":[{"taxonomy":"category","embeddable":true,"href":"https:\/\/coronelxavierchaves.mg.gov.br\/prefeitura\/wp-json\/wp\/v2\/categories?post=24797"},{"taxonomy":"post_tag","embeddable":true,"href":"https:\/\/coronelxavierchaves.mg.gov.br\/prefeitura\/wp-json\/wp\/v2\/tags?post=24797"}],"curies":[{"name":"wp","href":"https:\/\/api.w.org\/{rel}","templated":true}]}}