{"id":24806,"date":"2025-08-20T15:25:06","date_gmt":"2025-08-20T18:25:06","guid":{"rendered":"https:\/\/coronelxavierchaves.mg.gov.br\/prefeitura\/?p=24806"},"modified":"2025-08-29T15:05:27","modified_gmt":"2025-08-29T18:05:27","slug":"manifestacao-de-interesse-para-dispensa-eletronica-pa-95-2025-contratacao-de-empresa-especializada-na-prestacao-de-servicos-de-ornamentacao","status":"publish","type":"post","link":"https:\/\/coronelxavierchaves.mg.gov.br\/prefeitura\/2025\/08\/20\/manifestacao-de-interesse-para-dispensa-eletronica-pa-95-2025-contratacao-de-empresa-especializada-na-prestacao-de-servicos-de-ornamentacao\/","title":{"rendered":"Manifesta\u00e7\u00e3o de interesse para dispensa eletr\u00f4nica (PA 95\/2025) &#8211; Contrata\u00e7\u00e3o de empresa especializada na presta\u00e7\u00e3o de servi\u00e7os de ornamenta\u00e7\u00e3o"},"content":{"rendered":"<blockquote>\n<p style=\"text-align: center;\">DOWNLOADS<\/p>\n<\/blockquote>\n<ul>\n<li style=\"list-style-type: none;\">\n<ul>\n<li style=\"list-style-type: none;\">\n<ul>\n<li><a href=\"https:\/\/coronelxavierchaves.mg.gov.br\/prefeitura\/wp-content\/uploads\/2025\/08\/AVISO-DE-DISPENSA-95-2025.pdf\">AVISO DE DISPENSA<\/a>, publicado em 20\/08\/2025 \u00e0s 15:25h.<\/li>\n<li><a href=\"https:\/\/coronelxavierchaves.mg.gov.br\/prefeitura\/wp-content\/uploads\/2025\/08\/CONTRATO-95-2025.pdf\">CONTRATO<\/a>, publicado em 29\/08\/2025 \u00e0s 15:05h.<\/li>\n<\/ul>\n<\/li>\n<\/ul>\n<\/li>\n<\/ul>\n<blockquote>\n<p style=\"text-align: center;\">MANIFESTA\u00c7\u00c3O DE INTERESSE PARA DISPENSA ELETR\u00d4NICA<\/p>\n<\/blockquote>\n<p style=\"text-align: justify;\">Prefeitura Municipal de Coronel Xavier Chaves\/MG. Manifesta\u00e7\u00e3o de interesse para Dispensa Eletr\u00f4nica &#8211; Processo Administrativo \u2013 95\/2025, Dispensa Eletr\u00f4nica \u2013 30\/2025, do tipo\u00a0<u>Menor Pre\u00e7o Global<strong>.<\/strong><\/u><strong>\u00a0Objeto:\u00a0CONTRATA\u00c7\u00c3O DE EMPRESA ESPECIALIZADA NA PRESTA\u00c7\u00c3O DE SERVI\u00c7OS DE ORNAMENTA\u00c7\u00c3O, INCLUINDO O FORNECIMENTO, MONTAGEM E DESMONTAGEM DE MALHAS DECORATIVAS UTILIZADAS PARA O FECHAMENTO E AMBIENTA\u00c7\u00c3O DOS ESPA\u00c7OS DA VII MOSTRA CULTURAL DE DESENVOLVIMENTO ECON\u00d4MICO E TUR\u00cdSTICO DE CORONEL XAVIER CHAVES\/MG, A SER REALIZADA NO PER\u00cdODO DE 04 A 07 DE SETEMBRO DE 2025, SENDO TODO O MATERIAL EMPREGADO DE RESPONSABILIDADE DA CONTRATADA, N\u00c3O HAVENDO AQUISI\u00c7\u00c3O POR PARTE DA ADMINISTRA\u00c7\u00c3O.<\/strong>\u00a0Limite de acolhimento das propostas: dia 26\/08\/2025 \u00e0s 07h59min.\u00a0<strong>DISPUTA: 26\/08\/2025, das 08h30min \u00e0s 09h30min,<\/strong>\u00a0na Plataforma LICITAPP,\u00a0<a href=\"https:\/\/coronelxavierchaves.licitapp.com.br\/\">https:\/\/coronelxavierchaves.licitapp.com.br\/\/<\/a>.\u00a0O edital de Manifesta\u00e7\u00e3o de interesse para Dispensa Eletr\u00f4nica est\u00e1 dispon\u00edvel no site\u00a0\u201c<a href=\"http:\/\/www.coronelxavierchaves.mg.gov.br\/\">www.coronelxavierchaves.mg.gov.br<\/a>&#8220;, mais informa\u00e7\u00f5es\u00a0na prefeitura municipal \u00e0 Rua Padre Reis, 84, Centro, Coronel Xavier Chaves\/MG, no hor\u00e1rio de 08h00min \u00e0s 12h00min e de 13h00min \u00e0s 16h00min. Tel.:\u00a0<a href=\"tel:%2832%29%203357-1235\">(32) 3216-1053<\/a>\u00a0(<em>Ramais 109 e 110<\/em>)\/ (32) 9 9199-6496 (<em>Whatsapp<\/em>). Coronel Xavier Chaves, 20 de agosto de 2025. Juliana Jaques Camargos \u2013 Agente de Contrata\u00e7\u00e3o.<\/p>\n<p>&#8212;&#8211;<\/p>\n<div class=\"printshowonly\">\n<p>*<b>PUBLICA\u00c7\u00c3O<\/b><\/p>\n<ul>\n<li>Um destaque desta publica\u00e7\u00e3o foi gerado na p\u00e1gina inicial do site, dispon\u00edvel at\u00e9 que demais publica\u00e7\u00f5es sejam realizadas.<\/li>\n<li>Uma publica\u00e7\u00e3o permanente foi feita na p\u00e1gina de Editais e Licita\u00e7\u00f5es.<\/li>\n<li>Link para acesso: http:\/\/coronelxavierchaves.mg.gov.br\/prefeitura\/wp-json\/wp\/v2\/posts\/24806<\/li>\n<\/ul>\n<\/div>\n","protected":false},"excerpt":{"rendered":"<p>DOWNLOADS AVISO DE DISPENSA, publicado em 20\/08\/2025 \u00e0s 15:25h. CONTRATO, publicado em 29\/08\/2025 \u00e0s 15:05h. MANIFESTA\u00c7\u00c3O DE INTERESSE PARA DISPENSA ELETR\u00d4NICA Prefeitura Municipal de Coronel Xavier Chaves\/MG. Manifesta\u00e7\u00e3o de interesse para Dispensa Eletr\u00f4nica &#8211; Processo Administrativo \u2013 95\/2025, Dispensa Eletr\u00f4nica \u2013 30\/2025, do tipo\u00a0Menor Pre\u00e7o Global.\u00a0Objeto:\u00a0CONTRATA\u00c7\u00c3O DE EMPRESA ESPECIALIZADA NA PRESTA\u00c7\u00c3O DE SERVI\u00c7OS DE ORNAMENTA\u00c7\u00c3O, [&hellip;]<\/p>\n","protected":false},"author":3,"featured_media":4366,"comment_status":"closed","ping_status":"closed","sticky":false,"template":"","format":"standard","meta":{"footnotes":"","_links_to":"","_links_to_target":""},"categories":[135],"tags":[],"class_list":{"0":"post-24806","1":"post","2":"type-post","3":"status-publish","4":"format-standard","5":"has-post-thumbnail","7":"category-editais-de-licitacao-2025"},"_links":{"self":[{"href":"https:\/\/coronelxavierchaves.mg.gov.br\/prefeitura\/wp-json\/wp\/v2\/posts\/24806","targetHints":{"allow":["GET"]}}],"collection":[{"href":"https:\/\/coronelxavierchaves.mg.gov.br\/prefeitura\/wp-json\/wp\/v2\/posts"}],"about":[{"href":"https:\/\/coronelxavierchaves.mg.gov.br\/prefeitura\/wp-json\/wp\/v2\/types\/post"}],"author":[{"embeddable":true,"href":"https:\/\/coronelxavierchaves.mg.gov.br\/prefeitura\/wp-json\/wp\/v2\/users\/3"}],"replies":[{"embeddable":true,"href":"https:\/\/coronelxavierchaves.mg.gov.br\/prefeitura\/wp-json\/wp\/v2\/comments?post=24806"}],"version-history":[{"count":4,"href":"https:\/\/coronelxavierchaves.mg.gov.br\/prefeitura\/wp-json\/wp\/v2\/posts\/24806\/revisions"}],"predecessor-version":[{"id":24909,"href":"https:\/\/coronelxavierchaves.mg.gov.br\/prefeitura\/wp-json\/wp\/v2\/posts\/24806\/revisions\/24909"}],"wp:featuredmedia":[{"embeddable":true,"href":"https:\/\/coronelxavierchaves.mg.gov.br\/prefeitura\/wp-json\/wp\/v2\/media\/4366"}],"wp:attachment":[{"href":"https:\/\/coronelxavierchaves.mg.gov.br\/prefeitura\/wp-json\/wp\/v2\/media?parent=24806"}],"wp:term":[{"taxonomy":"category","embeddable":true,"href":"https:\/\/coronelxavierchaves.mg.gov.br\/prefeitura\/wp-json\/wp\/v2\/categories?post=24806"},{"taxonomy":"post_tag","embeddable":true,"href":"https:\/\/coronelxavierchaves.mg.gov.br\/prefeitura\/wp-json\/wp\/v2\/tags?post=24806"}],"curies":[{"name":"wp","href":"https:\/\/api.w.org\/{rel}","templated":true}]}}