{"id":24843,"date":"2025-08-22T09:26:16","date_gmt":"2025-08-22T12:26:16","guid":{"rendered":"https:\/\/coronelxavierchaves.mg.gov.br\/prefeitura\/?p=24843"},"modified":"2025-10-01T09:43:51","modified_gmt":"2025-10-01T12:43:51","slug":"manifestacao-de-interesse-para-dispensa-eletronica-pa-98-2025-contratacao-de-empresa-especializada-para-a-prestacao-de-servicos-de-impressao-de-livros","status":"publish","type":"post","link":"https:\/\/coronelxavierchaves.mg.gov.br\/prefeitura\/2025\/08\/22\/manifestacao-de-interesse-para-dispensa-eletronica-pa-98-2025-contratacao-de-empresa-especializada-para-a-prestacao-de-servicos-de-impressao-de-livros\/","title":{"rendered":"Manifesta\u00e7\u00e3o de interesse para dispensa eletr\u00f4nica (PL 98\/2025) &#8211; Contrata\u00e7\u00e3o de empresa especializada para a presta\u00e7\u00e3o de servi\u00e7os de impress\u00e3o de livros"},"content":{"rendered":"<blockquote>\n<p style=\"text-align: center;\">DOWNLOADS<\/p>\n<\/blockquote>\n<ul>\n<li style=\"list-style-type: none;\">\n<ul>\n<li style=\"list-style-type: none;\">\n<ul>\n<li><a href=\"https:\/\/coronelxavierchaves.mg.gov.br\/prefeitura\/wp-content\/uploads\/2025\/08\/AVISO-DE-DISPENSA-98-2025.pdf\">AVISO DE DISPENSA<\/a>, publicado em 22\/08\/2025 \u00e0s 09:26h.<\/li>\n<li><a href=\"https:\/\/coronelxavierchaves.mg.gov.br\/prefeitura\/wp-content\/uploads\/2025\/09\/CONTRATO-98-2025.pdf\">CONTRATO<\/a>, publicado em 04\/09\/2025 \u00e0s 14:57h.<\/li>\n<li><a href=\"https:\/\/coronelxavierchaves.mg.gov.br\/prefeitura\/wp-content\/uploads\/2025\/10\/1o-TERMO-ADITIVO-98-2025.pdf\">1\u00ba TERMO ADITIVO<\/a>, publicado em 01\/10\/2025 \u00e0s 09:43h.<\/li>\n<\/ul>\n<\/li>\n<\/ul>\n<\/li>\n<\/ul>\n<blockquote>\n<p style=\"text-align: center;\">MANIFESTA\u00c7\u00c3O DE INTERESSE PARA DISPENSA ELETR\u00d4NICA<\/p>\n<\/blockquote>\n<p style=\"text-align: justify;\">Prefeitura Municipal de Coronel Xavier Chaves\/MG. Manifesta\u00e7\u00e3o de interesse para Dispensa Eletr\u00f4nica &#8211; Processo Administrativo \u2013 98\/2025, Dispensa Eletr\u00f4nica \u2013 33\/2025, do tipo\u00a0<u>Menor Pre\u00e7o Global<strong>.<\/strong><\/u><strong>\u00a0Objeto:\u00a0CONTRATA\u00c7\u00c3O DE EMPRESA ESPECIALIZADA PARA A PRESTA\u00c7\u00c3O DE SERVI\u00c7OS DE IMPRESS\u00c3O DE LIVROS PRODUZIDOS PELOS ALUNOS E PELA EQUIPE PEDAG\u00d3GICA DO PROGRAMA DE TEMPO INTEGRAL DA ESCOLA MUNICIPAL \u201cSEBASTI\u00c3O PATR\u00cdCIO PINTO\u201d, CONTEMPLANDO TODAS AS ETAPAS DE PRODU\u00c7\u00c3O GR\u00c1FICA, ACABAMENTO E ENTREGA DO MATERIAL.<\/strong>\u00a0Limite de acolhimento das propostas: dia 28\/08\/2025 \u00e0s 12h59min.\u00a0<strong>DISPUTA: 28\/08\/2025, das 13h30min \u00e0s 14h30min,<\/strong>\u00a0na Plataforma LICITAPP,\u00a0<a href=\"https:\/\/coronelxavierchaves.licitapp.com.br\/\">https:\/\/coronelxavierchaves.licitapp.com.br\/\/<\/a>.\u00a0O edital de Manifesta\u00e7\u00e3o de interesse para Dispensa Eletr\u00f4nica est\u00e1 dispon\u00edvel no site\u00a0\u201c<a href=\"http:\/\/www.coronelxavierchaves.mg.gov.br\/\">www.coronelxavierchaves.mg.gov.br<\/a>&#8220;, mais informa\u00e7\u00f5es\u00a0na prefeitura municipal \u00e0 Rua Padre Reis, 84, Centro, Coronel Xavier Chaves\/MG, no hor\u00e1rio de 08h00min \u00e0s 12h00min e de 13h00min \u00e0s 16h00min. Tel.:\u00a0<a href=\"tel:%2832%29%203357-1235\">(32) 3216-1053<\/a>\u00a0(<em>Ramais 109 e 110<\/em>)\/ (32) 9 9199-6496 (<em>Whatsapp<\/em>). Coronel Xavier Chaves, 22 de agosto de 2025. Juliana Jaques Camargos \u2013 Agente de Contrata\u00e7\u00e3o.<\/p>\n<p>&#8212;&#8211;<\/p>\n<div class=\"printshowonly\">\n<p>*<b>PUBLICA\u00c7\u00c3O<\/b><\/p>\n<ul>\n<li>Um destaque desta publica\u00e7\u00e3o foi gerado na p\u00e1gina inicial do site, dispon\u00edvel at\u00e9 que demais publica\u00e7\u00f5es sejam realizadas.<\/li>\n<li>Uma publica\u00e7\u00e3o permanente foi feita na p\u00e1gina de Editais e Licita\u00e7\u00f5es.<\/li>\n<li>Link para acesso: http:\/\/coronelxavierchaves.mg.gov.br\/prefeitura\/wp-json\/wp\/v2\/posts\/24843<\/li>\n<\/ul>\n<\/div>\n","protected":false},"excerpt":{"rendered":"<p>DOWNLOADS AVISO DE DISPENSA, publicado em 22\/08\/2025 \u00e0s 09:26h. CONTRATO, publicado em 04\/09\/2025 \u00e0s 14:57h. 1\u00ba TERMO ADITIVO, publicado em 01\/10\/2025 \u00e0s 09:43h. MANIFESTA\u00c7\u00c3O DE INTERESSE PARA DISPENSA ELETR\u00d4NICA Prefeitura Municipal de Coronel Xavier Chaves\/MG. Manifesta\u00e7\u00e3o de interesse para Dispensa Eletr\u00f4nica &#8211; Processo Administrativo \u2013 98\/2025, Dispensa Eletr\u00f4nica \u2013 33\/2025, do tipo\u00a0Menor Pre\u00e7o Global.\u00a0Objeto:\u00a0CONTRATA\u00c7\u00c3O DE [&hellip;]<\/p>\n","protected":false},"author":3,"featured_media":4366,"comment_status":"closed","ping_status":"closed","sticky":false,"template":"","format":"standard","meta":{"footnotes":"","_links_to":"","_links_to_target":""},"categories":[135],"tags":[],"class_list":{"0":"post-24843","1":"post","2":"type-post","3":"status-publish","4":"format-standard","5":"has-post-thumbnail","7":"category-editais-de-licitacao-2025"},"_links":{"self":[{"href":"https:\/\/coronelxavierchaves.mg.gov.br\/prefeitura\/wp-json\/wp\/v2\/posts\/24843","targetHints":{"allow":["GET"]}}],"collection":[{"href":"https:\/\/coronelxavierchaves.mg.gov.br\/prefeitura\/wp-json\/wp\/v2\/posts"}],"about":[{"href":"https:\/\/coronelxavierchaves.mg.gov.br\/prefeitura\/wp-json\/wp\/v2\/types\/post"}],"author":[{"embeddable":true,"href":"https:\/\/coronelxavierchaves.mg.gov.br\/prefeitura\/wp-json\/wp\/v2\/users\/3"}],"replies":[{"embeddable":true,"href":"https:\/\/coronelxavierchaves.mg.gov.br\/prefeitura\/wp-json\/wp\/v2\/comments?post=24843"}],"version-history":[{"count":4,"href":"https:\/\/coronelxavierchaves.mg.gov.br\/prefeitura\/wp-json\/wp\/v2\/posts\/24843\/revisions"}],"predecessor-version":[{"id":25220,"href":"https:\/\/coronelxavierchaves.mg.gov.br\/prefeitura\/wp-json\/wp\/v2\/posts\/24843\/revisions\/25220"}],"wp:featuredmedia":[{"embeddable":true,"href":"https:\/\/coronelxavierchaves.mg.gov.br\/prefeitura\/wp-json\/wp\/v2\/media\/4366"}],"wp:attachment":[{"href":"https:\/\/coronelxavierchaves.mg.gov.br\/prefeitura\/wp-json\/wp\/v2\/media?parent=24843"}],"wp:term":[{"taxonomy":"category","embeddable":true,"href":"https:\/\/coronelxavierchaves.mg.gov.br\/prefeitura\/wp-json\/wp\/v2\/categories?post=24843"},{"taxonomy":"post_tag","embeddable":true,"href":"https:\/\/coronelxavierchaves.mg.gov.br\/prefeitura\/wp-json\/wp\/v2\/tags?post=24843"}],"curies":[{"name":"wp","href":"https:\/\/api.w.org\/{rel}","templated":true}]}}