{"id":24864,"date":"2025-08-26T16:12:14","date_gmt":"2025-08-26T19:12:14","guid":{"rendered":"https:\/\/coronelxavierchaves.mg.gov.br\/prefeitura\/?p=24864"},"modified":"2025-10-01T09:09:38","modified_gmt":"2025-10-01T12:09:38","slug":"aviso-de-licitacao-pl-99-2025-registro-de-precos-para-futura-e-eventual-aquisicao-de-veiculos-automotores-novos","status":"publish","type":"post","link":"https:\/\/coronelxavierchaves.mg.gov.br\/prefeitura\/2025\/08\/26\/aviso-de-licitacao-pl-99-2025-registro-de-precos-para-futura-e-eventual-aquisicao-de-veiculos-automotores-novos\/","title":{"rendered":"Aviso de Licita\u00e7\u00e3o (PL 99\/2025) &#8211; Registro de pre\u00e7os para futura e eventual aquisi\u00e7\u00e3o de ve\u00edculos automotores novos"},"content":{"rendered":"<blockquote>\n<p style=\"text-align: center;\">DOWNLOADS<\/p>\n<\/blockquote>\n<ul>\n<li style=\"list-style-type: none;\">\n<ul>\n<li><a href=\"https:\/\/coronelxavierchaves.mg.gov.br\/prefeitura\/wp-content\/uploads\/2025\/08\/EDITAL-99-2025.pdf\">EDITAL<\/a>, publicado em 26\/08\/2025 \u00e0s 16:12h.<\/li>\n<li><a href=\"https:\/\/coronelxavierchaves.mg.gov.br\/prefeitura\/wp-content\/uploads\/2025\/10\/ADJUDICACAO-99-2025.pdf\">ADJUDICA\u00c7\u00c3O<\/a>, publicado em 01\/10\/2025 \u00e0s 09:09h.<\/li>\n<li><a href=\"https:\/\/coronelxavierchaves.mg.gov.br\/prefeitura\/wp-content\/uploads\/2025\/10\/HOMOLOGACAO-99-2025.pdf\">HOMOLOGA\u00c7\u00c3O<\/a>, publicado em 01\/10\/2025 \u00e0s 09:09h.<\/li>\n<li><a href=\"https:\/\/coronelxavierchaves.mg.gov.br\/prefeitura\/wp-content\/uploads\/2025\/10\/ARP-MAPI-99-2025.pdf\">ATA DE REGISTRO DE PRE\u00c7O<\/a>, publicado em 01\/10\/2025 \u00e0s 09:09h.<\/li>\n<\/ul>\n<\/li>\n<\/ul>\n<p style=\"text-align: center;\"><strong><u>AVISO DE LICITA\u00c7\u00c3O<\/u><\/strong><\/p>\n<p style=\"text-align: justify;\"><strong>Prefeitura Municipal de Coronel Xavier Chaves\/MG. Aviso de Licita\u00e7\u00e3o &#8211; Processo Licitat\u00f3rio \u2013 99\/2025, Preg\u00e3o Eletr\u00f4nico \u2013 42\/2025, do tipo<\/strong>\u00a0MENOR PRE\u00c7O POR ITEM.\u00a0<strong>OBJETO:\u00a0\u00a0\u00a0REGISTRO DE PRE\u00c7OS PARA FUTURA E EVENTUAL AQUISI\u00c7\u00c3O DE VE\u00cdCULOS AUTOMOTORES NOVOS, DE PRIMEIRA UTILIZA\u00c7\u00c3O, DESTINADOS A SUPRIR AS NECESSIDADES DAS DIVERSAS SECRETARIAS DA ADMINISTRA\u00c7\u00c3O MUNICIPAL DE CORONEL XAVIER CHAVES\/MG, VISANDO GARANTIR EFICI\u00caNCIA, SEGURAN\u00c7A E QUALIDADE NA PRESTA\u00c7\u00c3O DOS SERVI\u00c7OS P\u00daBLICOS.\u00a0<\/strong>Limite de acolhimento das propostas: dia 09\/09\/2025 \u00e0s 07h59min.\u00a0<strong>DISPUTA: 09\/09\/2025, \u00e0s 08h30min, na Plataforma LICITAPP<\/strong>,\u00a0<a href=\"https:\/\/coronelxavierchaves.licitapp.com.br\/\">https:\/\/coronelxavierchaves.licitapp.com.br\/\/<\/a>.\u00a0O edital est\u00e1 dispon\u00edvel no site\u00a0\u201c<a href=\"http:\/\/www.coronelxavierchaves.mg.gov.br\/\">www.coronelxavierchaves.mg.gov.br<\/a>&#8220;, mais informa\u00e7\u00f5es\u00a0na prefeitura municipal \u00e0 Rua Padre Reis, 84, Centro, Coronel Xavier Chaves\/MG, no hor\u00e1rio de 08h00min \u00e0s 12h00min e de 13h00min \u00e0s 16h00min. Tel.:\u00a0<a href=\"tel:%2832%29%203357-1235\">(32) 3216-1053<\/a>\/ (32) 9 9199-6496 (<em>Whatsapp<\/em>). Coronel Xavier Chaves, 26 de agosto de 2025. Juliana Jaques Camargos \u2013 Pregoeira.<\/p>\n<p>&nbsp;<\/p>\n<div class=\"printshowonly\">\n<p>*<b>PUBLICA\u00c7\u00c3O<\/b><\/p>\n<ul>\n<li>Um destaque desta publica\u00e7\u00e3o foi gerado na p\u00e1gina inicial do site, dispon\u00edvel at\u00e9 que demais publica\u00e7\u00f5es sejam realizadas.<\/li>\n<li>Uma publica\u00e7\u00e3o permanente foi feita na p\u00e1gina de Editais e Licita\u00e7\u00f5es.<\/li>\n<\/ul>\n<\/div>\n","protected":false},"excerpt":{"rendered":"<p>DOWNLOADS EDITAL, publicado em 26\/08\/2025 \u00e0s 16:12h. ADJUDICA\u00c7\u00c3O, publicado em 01\/10\/2025 \u00e0s 09:09h. HOMOLOGA\u00c7\u00c3O, publicado em 01\/10\/2025 \u00e0s 09:09h. ATA DE REGISTRO DE PRE\u00c7O, publicado em 01\/10\/2025 \u00e0s 09:09h. AVISO DE LICITA\u00c7\u00c3O Prefeitura Municipal de Coronel Xavier Chaves\/MG. Aviso de Licita\u00e7\u00e3o &#8211; Processo Licitat\u00f3rio \u2013 99\/2025, Preg\u00e3o Eletr\u00f4nico \u2013 42\/2025, do tipo\u00a0MENOR PRE\u00c7O POR ITEM.\u00a0OBJETO:\u00a0\u00a0\u00a0REGISTRO [&hellip;]<\/p>\n","protected":false},"author":3,"featured_media":4366,"comment_status":"closed","ping_status":"closed","sticky":false,"template":"","format":"standard","meta":{"footnotes":"","_links_to":"","_links_to_target":""},"categories":[135],"tags":[],"class_list":{"0":"post-24864","1":"post","2":"type-post","3":"status-publish","4":"format-standard","5":"has-post-thumbnail","7":"category-editais-de-licitacao-2025"},"_links":{"self":[{"href":"https:\/\/coronelxavierchaves.mg.gov.br\/prefeitura\/wp-json\/wp\/v2\/posts\/24864","targetHints":{"allow":["GET"]}}],"collection":[{"href":"https:\/\/coronelxavierchaves.mg.gov.br\/prefeitura\/wp-json\/wp\/v2\/posts"}],"about":[{"href":"https:\/\/coronelxavierchaves.mg.gov.br\/prefeitura\/wp-json\/wp\/v2\/types\/post"}],"author":[{"embeddable":true,"href":"https:\/\/coronelxavierchaves.mg.gov.br\/prefeitura\/wp-json\/wp\/v2\/users\/3"}],"replies":[{"embeddable":true,"href":"https:\/\/coronelxavierchaves.mg.gov.br\/prefeitura\/wp-json\/wp\/v2\/comments?post=24864"}],"version-history":[{"count":3,"href":"https:\/\/coronelxavierchaves.mg.gov.br\/prefeitura\/wp-json\/wp\/v2\/posts\/24864\/revisions"}],"predecessor-version":[{"id":25189,"href":"https:\/\/coronelxavierchaves.mg.gov.br\/prefeitura\/wp-json\/wp\/v2\/posts\/24864\/revisions\/25189"}],"wp:featuredmedia":[{"embeddable":true,"href":"https:\/\/coronelxavierchaves.mg.gov.br\/prefeitura\/wp-json\/wp\/v2\/media\/4366"}],"wp:attachment":[{"href":"https:\/\/coronelxavierchaves.mg.gov.br\/prefeitura\/wp-json\/wp\/v2\/media?parent=24864"}],"wp:term":[{"taxonomy":"category","embeddable":true,"href":"https:\/\/coronelxavierchaves.mg.gov.br\/prefeitura\/wp-json\/wp\/v2\/categories?post=24864"},{"taxonomy":"post_tag","embeddable":true,"href":"https:\/\/coronelxavierchaves.mg.gov.br\/prefeitura\/wp-json\/wp\/v2\/tags?post=24864"}],"curies":[{"name":"wp","href":"https:\/\/api.w.org\/{rel}","templated":true}]}}