{"id":24889,"date":"2025-08-28T11:14:33","date_gmt":"2025-08-28T14:14:33","guid":{"rendered":"https:\/\/coronelxavierchaves.mg.gov.br\/prefeitura\/?p=24889"},"modified":"2025-09-11T08:13:14","modified_gmt":"2025-09-11T11:13:14","slug":"manifestacao-de-interesse-para-dispensa-eletronica-pa-100-2025-contratacao-de-empresa-especializada-para-a-confeccao-de-produtos-graficos","status":"publish","type":"post","link":"https:\/\/coronelxavierchaves.mg.gov.br\/prefeitura\/2025\/08\/28\/manifestacao-de-interesse-para-dispensa-eletronica-pa-100-2025-contratacao-de-empresa-especializada-para-a-confeccao-de-produtos-graficos\/","title":{"rendered":"Manifesta\u00e7\u00e3o de interesse para dispensa eletr\u00f4nica (PA 100\/2025) &#8211; Contrata\u00e7\u00e3o de empresa especializada para a confec\u00e7\u00e3o de produtos gr\u00e1ficos"},"content":{"rendered":"<blockquote>\n<p style=\"text-align: center;\">DOWNLOADS<\/p>\n<\/blockquote>\n<ul>\n<li style=\"list-style-type: none;\">\n<ul>\n<li style=\"list-style-type: none;\">\n<ul>\n<li><a href=\"https:\/\/coronelxavierchaves.mg.gov.br\/prefeitura\/wp-content\/uploads\/2025\/08\/AVISO-DE-DISPENSA-100-2025.pdf\">AVISO DE DISPENSA<\/a>, publicado em 28\/08\/2025 \u00e0s 11:14h.<\/li>\n<li><a href=\"https:\/\/coronelxavierchaves.mg.gov.br\/prefeitura\/wp-content\/uploads\/2025\/09\/DECLARACAO-100-2025.pdf\">DECLARA\u00c7\u00c3O DE PROCESSO DESERTO<\/a>, publicado em 11\/09\/2025 \u00e0s 08:13h.<\/li>\n<\/ul>\n<\/li>\n<\/ul>\n<\/li>\n<\/ul>\n<blockquote>\n<p style=\"text-align: center;\">MANIFESTA\u00c7\u00c3O DE INTERESSE PARA DISPENSA ELETR\u00d4NICA<\/p>\n<\/blockquote>\n<p style=\"text-align: justify;\">C\u00e2mara Municipal de Coronel Xavier Chaves\/MG. Manifesta\u00e7\u00e3o de interesse para Dispensa Eletr\u00f4nica &#8211; Processo Administrativo \u2013 100\/2025, Dispensa Eletr\u00f4nica \u2013 34\/2025, do tipo\u00a0<u>Menor Pre\u00e7o por Lote<b>.<\/b><\/u><b>\u00a0Objeto:\u00a0<\/b><b>CONTRATA\u00c7\u00c3O DE EMPRESA ESPECIALIZADA PARA A CONFEC\u00c7\u00c3O DE PRODUTOS GR\u00c1FICOS DESTINADOS \u00c0 COMPOSI\u00c7\u00c3O VISUAL E ORGANIZACIONAL PARA A REINAUGURA\u00c7\u00c3O DA C\u00c2MARA MUNICIPAL DE CORONEL XAVIER CHAVES\/MG.<\/b>\u00a0Limite de acolhimento das propostas: dia 02\/09\/2025 \u00e0s 12h59min.\u00a0<b>DISPUTA: 02\/09\/2025, das 13h30min \u00e0s 14h30min,<\/b>\u00a0na Plataforma LICITAPP,\u00a0<a href=\"https:\/\/camaradecoronelxavierchaves.licitapp.com.br\/login\/\" target=\"_blank\" rel=\"noopener\" data-saferedirecturl=\"https:\/\/www.google.com\/url?q=https:\/\/camaradecoronelxavierchaves.licitapp.com.br\/login\/&amp;source=gmail&amp;ust=1756476575158000&amp;usg=AOvVaw2FKBpQVITcz996wTDeMYfJ\">https:\/\/<wbr \/>camaradecoronelxavierchaves.<wbr \/>licitapp.com.br\/\/login\/<\/a>.\u00a0O edital de Manifesta\u00e7\u00e3o de interesse para Dispensa Eletr\u00f4nica est\u00e1 dispon\u00edvel no site\u00a0\u201c<a href=\"http:\/\/www.coronelxavierchaves.mg.gov.br\/\" target=\"_blank\" rel=\"noopener\" data-saferedirecturl=\"https:\/\/www.google.com\/url?q=http:\/\/www.coronelxavierchaves.mg.gov.br&amp;source=gmail&amp;ust=1756476575158000&amp;usg=AOvVaw3ZgBiGPT81eJS0nTj5tBu4\">www.coronelxavierchaves.<wbr \/>mg.gov.br<\/a>&#8220;, mais informa\u00e7\u00f5es\u00a0na prefeitura municipal \u00e0 Rua Padre Reis, 84, Centro, Coronel Xavier Chaves\/MG, no hor\u00e1rio de 08h00min \u00e0s 12h00min e de 13h00min \u00e0s 16h00min. Tel.:\u00a0<a href=\"tel:%2832%29%203357-1235\" target=\"_blank\" rel=\"noopener\">(32) 3216-1053<\/a>\u00a0(<i>Ramais 109 e 110<\/i>)\/ (32) 9 9199-6496 (<i>Whatsapp<\/i>). Coronel Xavier Chaves, 27 de agosto de 2025. Juliana Jaques Camargos \u2013 Agente de Contrata\u00e7\u00e3o.<\/p>\n<p>&#8212;&#8211;<\/p>\n<div class=\"printshowonly\">\n<p>*<b>PUBLICA\u00c7\u00c3O<\/b><\/p>\n<ul>\n<li>Um destaque desta publica\u00e7\u00e3o foi gerado na p\u00e1gina inicial do site, dispon\u00edvel at\u00e9 que demais publica\u00e7\u00f5es sejam realizadas.<\/li>\n<li>Uma publica\u00e7\u00e3o permanente foi feita na p\u00e1gina de Editais e Licita\u00e7\u00f5es.<\/li>\n<li>Link para acesso: http:\/\/coronelxavierchaves.mg.gov.br\/prefeitura\/wp-json\/wp\/v2\/posts\/24889<\/li>\n<\/ul>\n<\/div>\n","protected":false},"excerpt":{"rendered":"<p>DOWNLOADS AVISO DE DISPENSA, publicado em 28\/08\/2025 \u00e0s 11:14h. DECLARA\u00c7\u00c3O DE PROCESSO DESERTO, publicado em 11\/09\/2025 \u00e0s 08:13h. MANIFESTA\u00c7\u00c3O DE INTERESSE PARA DISPENSA ELETR\u00d4NICA C\u00e2mara Municipal de Coronel Xavier Chaves\/MG. Manifesta\u00e7\u00e3o de interesse para Dispensa Eletr\u00f4nica &#8211; Processo Administrativo \u2013 100\/2025, Dispensa Eletr\u00f4nica \u2013 34\/2025, do tipo\u00a0Menor Pre\u00e7o por Lote.\u00a0Objeto:\u00a0CONTRATA\u00c7\u00c3O DE EMPRESA ESPECIALIZADA PARA A [&hellip;]<\/p>\n","protected":false},"author":3,"featured_media":4366,"comment_status":"closed","ping_status":"closed","sticky":false,"template":"","format":"standard","meta":{"footnotes":"","_links_to":"","_links_to_target":""},"categories":[135],"tags":[],"class_list":{"0":"post-24889","1":"post","2":"type-post","3":"status-publish","4":"format-standard","5":"has-post-thumbnail","7":"category-editais-de-licitacao-2025"},"_links":{"self":[{"href":"https:\/\/coronelxavierchaves.mg.gov.br\/prefeitura\/wp-json\/wp\/v2\/posts\/24889","targetHints":{"allow":["GET"]}}],"collection":[{"href":"https:\/\/coronelxavierchaves.mg.gov.br\/prefeitura\/wp-json\/wp\/v2\/posts"}],"about":[{"href":"https:\/\/coronelxavierchaves.mg.gov.br\/prefeitura\/wp-json\/wp\/v2\/types\/post"}],"author":[{"embeddable":true,"href":"https:\/\/coronelxavierchaves.mg.gov.br\/prefeitura\/wp-json\/wp\/v2\/users\/3"}],"replies":[{"embeddable":true,"href":"https:\/\/coronelxavierchaves.mg.gov.br\/prefeitura\/wp-json\/wp\/v2\/comments?post=24889"}],"version-history":[{"count":2,"href":"https:\/\/coronelxavierchaves.mg.gov.br\/prefeitura\/wp-json\/wp\/v2\/posts\/24889\/revisions"}],"predecessor-version":[{"id":25051,"href":"https:\/\/coronelxavierchaves.mg.gov.br\/prefeitura\/wp-json\/wp\/v2\/posts\/24889\/revisions\/25051"}],"wp:featuredmedia":[{"embeddable":true,"href":"https:\/\/coronelxavierchaves.mg.gov.br\/prefeitura\/wp-json\/wp\/v2\/media\/4366"}],"wp:attachment":[{"href":"https:\/\/coronelxavierchaves.mg.gov.br\/prefeitura\/wp-json\/wp\/v2\/media?parent=24889"}],"wp:term":[{"taxonomy":"category","embeddable":true,"href":"https:\/\/coronelxavierchaves.mg.gov.br\/prefeitura\/wp-json\/wp\/v2\/categories?post=24889"},{"taxonomy":"post_tag","embeddable":true,"href":"https:\/\/coronelxavierchaves.mg.gov.br\/prefeitura\/wp-json\/wp\/v2\/tags?post=24889"}],"curies":[{"name":"wp","href":"https:\/\/api.w.org\/{rel}","templated":true}]}}