{"id":24892,"date":"2025-08-28T15:30:07","date_gmt":"2025-08-28T18:30:07","guid":{"rendered":"https:\/\/coronelxavierchaves.mg.gov.br\/prefeitura\/?p=24892"},"modified":"2025-10-15T08:04:34","modified_gmt":"2025-10-15T11:04:34","slug":"aviso-de-licitacao-pl-101-2025-registro-de-precos-para-contratacao-de-empresa-especializada-na-prestacao-de-servicos-de-informacao-telefonica-e-disponibilizacao-de-linhas-moveis","status":"publish","type":"post","link":"https:\/\/coronelxavierchaves.mg.gov.br\/prefeitura\/2025\/08\/28\/aviso-de-licitacao-pl-101-2025-registro-de-precos-para-contratacao-de-empresa-especializada-na-prestacao-de-servicos-de-informacao-telefonica-e-disponibilizacao-de-linhas-moveis\/","title":{"rendered":"Aviso de Licita\u00e7\u00e3o (PL 101\/2025) &#8211; Registro de pre\u00e7os para contrata\u00e7\u00e3o de empresa especializada na presta\u00e7\u00e3o de servi\u00e7os de informa\u00e7\u00e3o telef\u00f4nica e disponibiliza\u00e7\u00e3o de linhas m\u00f3veis"},"content":{"rendered":"<blockquote>\n<p style=\"text-align: center;\">DOWNLOADS<\/p>\n<\/blockquote>\n<ul>\n<li style=\"list-style-type: none;\">\n<ul>\n<li><a href=\"https:\/\/coronelxavierchaves.mg.gov.br\/prefeitura\/wp-content\/uploads\/2025\/08\/EDITAL-101-2025.pdf\">EDITAL<\/a>, publicado em 28\/08\/2025 \u00e0s 15:30h.<\/li>\n<li><a href=\"https:\/\/coronelxavierchaves.mg.gov.br\/prefeitura\/wp-content\/uploads\/2025\/10\/ARP-MUNDO-VOICE-101-2025.pdf\">ATA DE REGISTRO DE PRE\u00c7OS: MUNDO VOICE<\/a>, publicado em 15\/10\/2025 \u00e0s 08:04h.<\/li>\n<\/ul>\n<\/li>\n<\/ul>\n<p style=\"text-align: center;\"><strong><u>AVISO DE LICITA\u00c7\u00c3O<\/u><\/strong><\/p>\n<p style=\"font-weight: 400; text-align: justify;\">Prefeitura Municipal de Coronel Xavier Chaves\/MG. Aviso de Licita\u00e7\u00e3o &#8211; Processo Licitat\u00f3rio \u2013 101\/2025, Preg\u00e3o Eletr\u00f4nico \u2013 43\/2025, do tipo\u00a0MENOR PRE\u00c7O POR ITEM.\u00a0OBJETO:\u00a0<strong>REGISTRO DE PRE\u00c7OS PARA CONTRATA\u00c7\u00c3O DE EMPRESA ESPECIALIZADA NA PRESTA\u00c7\u00c3O DE SERVI\u00c7OS DE INFORMA\u00c7\u00c3O TELEF\u00d4NICA E DISPONIBILIZA\u00c7\u00c3O, EM REGIME DE COMODATO, DE LINHAS M\u00d3VEIS, COM FORNECIMENTO DOS RESPECTIVOS SIM CARDS (CHIPS), VISANDO ATENDER \u00c0S NECESSIDADES DA ADMINISTRA\u00c7\u00c3O P\u00daBLICA<\/strong>.\u00a0Limite de acolhimento das propostas: dia 10\/09\/2025 \u00e0s 07h59min.\u00a0DISPUTA: 10\/09\/2025, \u00e0s 08h30min, na Plataforma LICITAPP,\u00a0<a href=\"https:\/\/coronelxavierchaves.licitapp.com.br\/\" data-saferedirecturl=\"https:\/\/www.google.com\/url?q=https:\/\/coronelxavierchaves.licitapp.com.br\/&amp;source=gmail&amp;ust=1756491920986000&amp;usg=AOvVaw0inzmAxgppvXTkP6ED7s4M\">https:\/\/coronelxavierchaves.licitapp.com.br\/\/<\/a>.\u00a0O edital est\u00e1 dispon\u00edvel no site\u00a0\u201c<a href=\"http:\/\/www.coronelxavierchaves.mg.gov.br\/\" data-saferedirecturl=\"https:\/\/www.google.com\/url?q=http:\/\/www.coronelxavierchaves.mg.gov.br&amp;source=gmail&amp;ust=1756491920986000&amp;usg=AOvVaw3_Ubcr5MWR_IvHTFc6jRnc\">www.coronelxavierchaves.mg.gov.br<\/a>&#8220;, mais informa\u00e7\u00f5es\u00a0na prefeitura municipal \u00e0 Rua Padre Reis, 84, Centro, Coronel Xavier Chaves\/MG, no hor\u00e1rio de 08h00min \u00e0s 12h00min e de 13h00min \u00e0s 16h00min. Tel.:\u00a0<a href=\"tel:%2832%29%203357-1235\">(32) 3216-1053<\/a>\/ (32) 9 9199-6496 (Whatsapp). Coronel Xavier Chaves, 27 de agosto de 2025. Juliana Jaques Camargos \u2013 Pregoeira.<\/p>\n<p>&nbsp;<\/p>\n<div class=\"printshowonly\">\n<p>*<b>PUBLICA\u00c7\u00c3O<\/b><\/p>\n<ul>\n<li>Um destaque desta publica\u00e7\u00e3o foi gerado na p\u00e1gina inicial do site, dispon\u00edvel at\u00e9 que demais publica\u00e7\u00f5es sejam realizadas.<\/li>\n<li>Uma publica\u00e7\u00e3o permanente foi feita na p\u00e1gina de Editais e Licita\u00e7\u00f5es.<\/li>\n<\/ul>\n<\/div>\n","protected":false},"excerpt":{"rendered":"<p>DOWNLOADS EDITAL, publicado em 28\/08\/2025 \u00e0s 15:30h. ATA DE REGISTRO DE PRE\u00c7OS: MUNDO VOICE, publicado em 15\/10\/2025 \u00e0s 08:04h. AVISO DE LICITA\u00c7\u00c3O Prefeitura Municipal de Coronel Xavier Chaves\/MG. Aviso de Licita\u00e7\u00e3o &#8211; Processo Licitat\u00f3rio \u2013 101\/2025, Preg\u00e3o Eletr\u00f4nico \u2013 43\/2025, do tipo\u00a0MENOR PRE\u00c7O POR ITEM.\u00a0OBJETO:\u00a0REGISTRO DE PRE\u00c7OS PARA CONTRATA\u00c7\u00c3O DE EMPRESA ESPECIALIZADA NA PRESTA\u00c7\u00c3O DE [&hellip;]<\/p>\n","protected":false},"author":3,"featured_media":4366,"comment_status":"closed","ping_status":"closed","sticky":false,"template":"","format":"standard","meta":{"footnotes":"","_links_to":"","_links_to_target":""},"categories":[135],"tags":[],"class_list":{"0":"post-24892","1":"post","2":"type-post","3":"status-publish","4":"format-standard","5":"has-post-thumbnail","7":"category-editais-de-licitacao-2025"},"_links":{"self":[{"href":"https:\/\/coronelxavierchaves.mg.gov.br\/prefeitura\/wp-json\/wp\/v2\/posts\/24892","targetHints":{"allow":["GET"]}}],"collection":[{"href":"https:\/\/coronelxavierchaves.mg.gov.br\/prefeitura\/wp-json\/wp\/v2\/posts"}],"about":[{"href":"https:\/\/coronelxavierchaves.mg.gov.br\/prefeitura\/wp-json\/wp\/v2\/types\/post"}],"author":[{"embeddable":true,"href":"https:\/\/coronelxavierchaves.mg.gov.br\/prefeitura\/wp-json\/wp\/v2\/users\/3"}],"replies":[{"embeddable":true,"href":"https:\/\/coronelxavierchaves.mg.gov.br\/prefeitura\/wp-json\/wp\/v2\/comments?post=24892"}],"version-history":[{"count":3,"href":"https:\/\/coronelxavierchaves.mg.gov.br\/prefeitura\/wp-json\/wp\/v2\/posts\/24892\/revisions"}],"predecessor-version":[{"id":25324,"href":"https:\/\/coronelxavierchaves.mg.gov.br\/prefeitura\/wp-json\/wp\/v2\/posts\/24892\/revisions\/25324"}],"wp:featuredmedia":[{"embeddable":true,"href":"https:\/\/coronelxavierchaves.mg.gov.br\/prefeitura\/wp-json\/wp\/v2\/media\/4366"}],"wp:attachment":[{"href":"https:\/\/coronelxavierchaves.mg.gov.br\/prefeitura\/wp-json\/wp\/v2\/media?parent=24892"}],"wp:term":[{"taxonomy":"category","embeddable":true,"href":"https:\/\/coronelxavierchaves.mg.gov.br\/prefeitura\/wp-json\/wp\/v2\/categories?post=24892"},{"taxonomy":"post_tag","embeddable":true,"href":"https:\/\/coronelxavierchaves.mg.gov.br\/prefeitura\/wp-json\/wp\/v2\/tags?post=24892"}],"curies":[{"name":"wp","href":"https:\/\/api.w.org\/{rel}","templated":true}]}}