{"id":24895,"date":"2025-08-29T13:17:48","date_gmt":"2025-08-29T16:17:48","guid":{"rendered":"https:\/\/coronelxavierchaves.mg.gov.br\/prefeitura\/?p=24895"},"modified":"2025-10-14T16:00:21","modified_gmt":"2025-10-14T19:00:21","slug":"aviso-de-licitacao-pl-102-2025-registro-de-precos-para-aquisicao-parcelada-de-generos-alimenticios-destinados-a-merenda-escolar","status":"publish","type":"post","link":"https:\/\/coronelxavierchaves.mg.gov.br\/prefeitura\/2025\/08\/29\/aviso-de-licitacao-pl-102-2025-registro-de-precos-para-aquisicao-parcelada-de-generos-alimenticios-destinados-a-merenda-escolar\/","title":{"rendered":"Aviso de Licita\u00e7\u00e3o (PL 102\/2025) &#8211; Registro de pre\u00e7os para aquisi\u00e7\u00e3o parcelada de g\u00eaneros aliment\u00edcios destinados \u00e0 merenda escolar"},"content":{"rendered":"<blockquote>\n<p style=\"text-align: center;\">DOWNLOADS<\/p>\n<\/blockquote>\n<ul>\n<li style=\"list-style-type: none;\">\n<ul>\n<li><a href=\"https:\/\/coronelxavierchaves.mg.gov.br\/prefeitura\/wp-content\/uploads\/2025\/08\/EDITAL-102-2025.pdf\">EDITAL<\/a>, publicado em 29\/08\/2025 \u00e0s 13:17h.<\/li>\n<li><a href=\"https:\/\/coronelxavierchaves.mg.gov.br\/prefeitura\/wp-content\/uploads\/2025\/10\/ARP-ALVORADA-102-2025.pdf\">ATA DE REGISTRO DE PRE\u00c7OS: ALVORADA<\/a>, publicado em 10\/10\/2025 \u00e0s 16:00h.<\/li>\n<li><a href=\"https:\/\/coronelxavierchaves.mg.gov.br\/prefeitura\/wp-content\/uploads\/2025\/10\/ARP-BRUNO-102-2025.pdf\">ATA DE REGISTRO DE PRE\u00c7OS: BRUNO<\/a>, publicado em 10\/10\/2025 \u00e0s 16:00h.<\/li>\n<li><a href=\"https:\/\/coronelxavierchaves.mg.gov.br\/prefeitura\/wp-content\/uploads\/2025\/10\/ARP-CAXOT-102-2025.pdf\">ATA DE REGISTRO DE PRE\u00c7OS: CAXOT<\/a>, publicado em 10\/10\/2025 \u00e0s 16:00h.<\/li>\n<li><a href=\"https:\/\/coronelxavierchaves.mg.gov.br\/prefeitura\/wp-content\/uploads\/2025\/10\/ARP-CONFIANCA-102-2025.pdf\">ATA DE REGISTRO DE PRE\u00c7OS: CONFIAN\u00c7A<\/a>, publicado em 10\/10\/2025 \u00e0s 16:00h.<\/li>\n<li><a href=\"https:\/\/coronelxavierchaves.mg.gov.br\/prefeitura\/wp-content\/uploads\/2025\/10\/ARP-ERIK-102-2025.pdf\">ATA DE REGISTRO DE PRE\u00c7OS: ERIK<\/a>, publicado em 10\/10\/2025 \u00e0s 16:00h.<\/li>\n<li><a href=\"https:\/\/coronelxavierchaves.mg.gov.br\/prefeitura\/wp-content\/uploads\/2025\/10\/ARP-ESCOLHA-CERTA-102-2025.pdf\">ATA DE REGISTRO DE PRE\u00c7OS: ESCOLHA CERTA<\/a>, publicado em 10\/10\/2025 \u00e0s 16:00h.<\/li>\n<li><a href=\"https:\/\/coronelxavierchaves.mg.gov.br\/prefeitura\/wp-content\/uploads\/2025\/10\/ARP-LUIZ-JUNIOR-102-2025.pdf\">ATA DE REGISTRO DE PRE\u00c7OS: LUIZ JUNIOR<\/a>, publicado em 10\/10\/2025 \u00e0s 16:00h.<\/li>\n<li><a href=\"https:\/\/coronelxavierchaves.mg.gov.br\/prefeitura\/wp-content\/uploads\/2025\/10\/ARP-RAUL-102-2025.pdf\">ATA DE REGISTRO DE PRE\u00c7OS: RAUL<\/a>, publicado em 10\/10\/2025 \u00e0s 16:00h.<\/li>\n<li><a href=\"https:\/\/coronelxavierchaves.mg.gov.br\/prefeitura\/wp-content\/uploads\/2025\/10\/ARP-WSANTIAGO-102-2025.pdf\">ATA DE REGISTRO DE PRE\u00c7OS: WSANTIAGO<\/a>, publicado em 10\/10\/2025 \u00e0s 16:00h.<\/li>\n<\/ul>\n<\/li>\n<\/ul>\n<p style=\"text-align: center;\"><strong><u>AVISO DE LICITA\u00c7\u00c3O<\/u><\/strong><\/p>\n<p style=\"text-align: justify;\">Prefeitura Municipal de Coronel Xavier Chaves\/MG. Aviso de Licita\u00e7\u00e3o &#8211; Processo Licitat\u00f3rio \u2013 102\/2025, Preg\u00e3o Eletr\u00f4nico \u2013 44\/2025, do tipo\u00a0MENOR PRE\u00c7O POR ITEM.\u00a0OBJETO:\u00a0<strong>REGISTRO DE PRE\u00c7OS PARA AQUISI\u00c7\u00c3O PARCELADA DE G\u00caNEROS ALIMENT\u00cdCIOS DESTINADOS \u00c0 MERENDA ESCOLAR DA REDE MUNICIPAL DE ENSINO DE CORONEL XAVIER CHAVES\/MG.<\/strong>\u00a0Limite de acolhimento das propostas: dia 11\/09\/2025 \u00e0s 07h59min.\u00a0<strong>DISPUTA: 11\/09\/2025, \u00e0s 08h30min, na Plataforma LICITAPP<\/strong>,\u00a0<a href=\"https:\/\/coronelxavierchaves.licitapp.com.br\/\">https:\/\/coronelxavierchaves.licitapp.com.br\/\/<\/a>.\u00a0O edital est\u00e1 dispon\u00edvel no site\u00a0\u201c<a href=\"http:\/\/www.coronelxavierchaves.mg.gov.br\/\">www.coronelxavierchaves.mg.gov.br<\/a>&#8220;, mais informa\u00e7\u00f5es\u00a0na prefeitura municipal \u00e0 Rua Padre Reis, 84, Centro, Coronel Xavier Chaves\/MG, no hor\u00e1rio de 08h00min \u00e0s 12h00min e de 13h00min \u00e0s 16h00min. Tel.:\u00a0<a href=\"tel:%2832%29%203357-1235\">(32) 3216-1053<\/a>\/ (32) 9 9199-6496 (Whatsapp). Coronel Xavier Chaves, 28 de agosto de 2025. Juliana Jaques Camargos \u2013 Pregoeira.<\/p>\n<p>&nbsp;<\/p>\n<div class=\"printshowonly\">\n<p>*<b>PUBLICA\u00c7\u00c3O<\/b><\/p>\n<ul>\n<li>Um destaque desta publica\u00e7\u00e3o foi gerado na p\u00e1gina inicial do site, dispon\u00edvel at\u00e9 que demais publica\u00e7\u00f5es sejam realizadas.<\/li>\n<li>Uma publica\u00e7\u00e3o permanente foi feita na p\u00e1gina de Editais e Licita\u00e7\u00f5es.<\/li>\n<\/ul>\n<\/div>\n","protected":false},"excerpt":{"rendered":"<p>DOWNLOADS EDITAL, publicado em 29\/08\/2025 \u00e0s 13:17h. ATA DE REGISTRO DE PRE\u00c7OS: ALVORADA, publicado em 10\/10\/2025 \u00e0s 16:00h. ATA DE REGISTRO DE PRE\u00c7OS: BRUNO, publicado em 10\/10\/2025 \u00e0s 16:00h. ATA DE REGISTRO DE PRE\u00c7OS: CAXOT, publicado em 10\/10\/2025 \u00e0s 16:00h. ATA DE REGISTRO DE PRE\u00c7OS: CONFIAN\u00c7A, publicado em 10\/10\/2025 \u00e0s 16:00h. ATA DE REGISTRO DE [&hellip;]<\/p>\n","protected":false},"author":3,"featured_media":4366,"comment_status":"closed","ping_status":"closed","sticky":false,"template":"","format":"standard","meta":{"footnotes":"","_links_to":"","_links_to_target":""},"categories":[135],"tags":[],"class_list":{"0":"post-24895","1":"post","2":"type-post","3":"status-publish","4":"format-standard","5":"has-post-thumbnail","7":"category-editais-de-licitacao-2025"},"_links":{"self":[{"href":"https:\/\/coronelxavierchaves.mg.gov.br\/prefeitura\/wp-json\/wp\/v2\/posts\/24895","targetHints":{"allow":["GET"]}}],"collection":[{"href":"https:\/\/coronelxavierchaves.mg.gov.br\/prefeitura\/wp-json\/wp\/v2\/posts"}],"about":[{"href":"https:\/\/coronelxavierchaves.mg.gov.br\/prefeitura\/wp-json\/wp\/v2\/types\/post"}],"author":[{"embeddable":true,"href":"https:\/\/coronelxavierchaves.mg.gov.br\/prefeitura\/wp-json\/wp\/v2\/users\/3"}],"replies":[{"embeddable":true,"href":"https:\/\/coronelxavierchaves.mg.gov.br\/prefeitura\/wp-json\/wp\/v2\/comments?post=24895"}],"version-history":[{"count":3,"href":"https:\/\/coronelxavierchaves.mg.gov.br\/prefeitura\/wp-json\/wp\/v2\/posts\/24895\/revisions"}],"predecessor-version":[{"id":25319,"href":"https:\/\/coronelxavierchaves.mg.gov.br\/prefeitura\/wp-json\/wp\/v2\/posts\/24895\/revisions\/25319"}],"wp:featuredmedia":[{"embeddable":true,"href":"https:\/\/coronelxavierchaves.mg.gov.br\/prefeitura\/wp-json\/wp\/v2\/media\/4366"}],"wp:attachment":[{"href":"https:\/\/coronelxavierchaves.mg.gov.br\/prefeitura\/wp-json\/wp\/v2\/media?parent=24895"}],"wp:term":[{"taxonomy":"category","embeddable":true,"href":"https:\/\/coronelxavierchaves.mg.gov.br\/prefeitura\/wp-json\/wp\/v2\/categories?post=24895"},{"taxonomy":"post_tag","embeddable":true,"href":"https:\/\/coronelxavierchaves.mg.gov.br\/prefeitura\/wp-json\/wp\/v2\/tags?post=24895"}],"curies":[{"name":"wp","href":"https:\/\/api.w.org\/{rel}","templated":true}]}}