{"id":24898,"date":"2025-08-29T14:36:23","date_gmt":"2025-08-29T17:36:23","guid":{"rendered":"https:\/\/coronelxavierchaves.mg.gov.br\/prefeitura\/?p=24898"},"modified":"2025-08-29T14:36:23","modified_gmt":"2025-08-29T17:36:23","slug":"contrato-direto-aquisicao-de-laminas-de-corte-em-aco-especial-compativeis-com-o-triturador-multiuso-jk-500","status":"publish","type":"post","link":"https:\/\/coronelxavierchaves.mg.gov.br\/prefeitura\/2025\/08\/29\/contrato-direto-aquisicao-de-laminas-de-corte-em-aco-especial-compativeis-com-o-triturador-multiuso-jk-500\/","title":{"rendered":"Contrato Direto: Aquisi\u00e7\u00e3o de l\u00e2minas de corte em a\u00e7o especial, compat\u00edveis com o triturador multiuso jk-500"},"content":{"rendered":"<blockquote><p>DOWNLOADS<\/p><\/blockquote>\n<ul>\n<li><a href=\"https:\/\/coronelxavierchaves.mg.gov.br\/prefeitura\/wp-content\/uploads\/2025\/08\/CONTRATO-Laminas.pdf\">CONTRATO<\/a>, publicado em 29\/08\/2025 \u00e0s 14:36h.<\/li>\n<\/ul>\n<blockquote><p>OBJETO<\/p><\/blockquote>\n<div style=\"text-align: justify;\">\n<div style=\"text-align: justify;\">\n<div style=\"text-align: justify;\"><b>AQUISI\u00c7\u00c3O DE L\u00c2MINAS DE CORTE EM A\u00c7O ESPECIAL, COMPAT\u00cdVEIS COM O TRITURADOR MULTIUSO JK-500, DA MARCA TRAPP, DESTINADAS AO EQUIPAMENTO EM USO NA USINA DE TRIAGEM, COMPOSTAGEM E CENTRO DE REFER\u00caNCIA EM EDUCA\u00c7\u00c3O AMBIENTAL \u201cJOS\u00c9 BENTO DE CASTRO\u201d.<\/b><\/div>\n<\/div>\n<div><\/div>\n<\/div>\n","protected":false},"excerpt":{"rendered":"<p>DOWNLOADS CONTRATO, publicado em 29\/08\/2025 \u00e0s 14:36h. OBJETO AQUISI\u00c7\u00c3O DE L\u00c2MINAS DE CORTE EM A\u00c7O ESPECIAL, COMPAT\u00cdVEIS COM O TRITURADOR MULTIUSO JK-500, DA MARCA TRAPP, DESTINADAS AO EQUIPAMENTO EM USO NA USINA DE TRIAGEM, COMPOSTAGEM E CENTRO DE REFER\u00caNCIA EM EDUCA\u00c7\u00c3O AMBIENTAL \u201cJOS\u00c9 BENTO DE CASTRO\u201d.<\/p>\n","protected":false},"author":3,"featured_media":4367,"comment_status":"closed","ping_status":"closed","sticky":false,"template":"","format":"standard","meta":{"footnotes":"","_links_to":"","_links_to_target":""},"categories":[139],"tags":[],"class_list":{"0":"post-24898","1":"post","2":"type-post","3":"status-publish","4":"format-standard","5":"has-post-thumbnail","7":"category-contratos-aditivos-atas-e-outros-2025"},"_links":{"self":[{"href":"https:\/\/coronelxavierchaves.mg.gov.br\/prefeitura\/wp-json\/wp\/v2\/posts\/24898","targetHints":{"allow":["GET"]}}],"collection":[{"href":"https:\/\/coronelxavierchaves.mg.gov.br\/prefeitura\/wp-json\/wp\/v2\/posts"}],"about":[{"href":"https:\/\/coronelxavierchaves.mg.gov.br\/prefeitura\/wp-json\/wp\/v2\/types\/post"}],"author":[{"embeddable":true,"href":"https:\/\/coronelxavierchaves.mg.gov.br\/prefeitura\/wp-json\/wp\/v2\/users\/3"}],"replies":[{"embeddable":true,"href":"https:\/\/coronelxavierchaves.mg.gov.br\/prefeitura\/wp-json\/wp\/v2\/comments?post=24898"}],"version-history":[{"count":1,"href":"https:\/\/coronelxavierchaves.mg.gov.br\/prefeitura\/wp-json\/wp\/v2\/posts\/24898\/revisions"}],"predecessor-version":[{"id":24900,"href":"https:\/\/coronelxavierchaves.mg.gov.br\/prefeitura\/wp-json\/wp\/v2\/posts\/24898\/revisions\/24900"}],"wp:featuredmedia":[{"embeddable":true,"href":"https:\/\/coronelxavierchaves.mg.gov.br\/prefeitura\/wp-json\/wp\/v2\/media\/4367"}],"wp:attachment":[{"href":"https:\/\/coronelxavierchaves.mg.gov.br\/prefeitura\/wp-json\/wp\/v2\/media?parent=24898"}],"wp:term":[{"taxonomy":"category","embeddable":true,"href":"https:\/\/coronelxavierchaves.mg.gov.br\/prefeitura\/wp-json\/wp\/v2\/categories?post=24898"},{"taxonomy":"post_tag","embeddable":true,"href":"https:\/\/coronelxavierchaves.mg.gov.br\/prefeitura\/wp-json\/wp\/v2\/tags?post=24898"}],"curies":[{"name":"wp","href":"https:\/\/api.w.org\/{rel}","templated":true}]}}