{"id":24946,"date":"2025-09-04T12:35:13","date_gmt":"2025-09-04T15:35:13","guid":{"rendered":"https:\/\/coronelxavierchaves.mg.gov.br\/prefeitura\/?p=24946"},"modified":"2025-10-15T08:33:24","modified_gmt":"2025-10-15T11:33:24","slug":"aviso-de-licitacao-pl-103-2025-registro-de-precos-para-futura-e-eventual-aquisicao-de-materiais-e-equipamentos-diversos-incluindo-materiais-eletricos-hidrossanitarios-de-construcao-civil","status":"publish","type":"post","link":"https:\/\/coronelxavierchaves.mg.gov.br\/prefeitura\/2025\/09\/04\/aviso-de-licitacao-pl-103-2025-registro-de-precos-para-futura-e-eventual-aquisicao-de-materiais-e-equipamentos-diversos-incluindo-materiais-eletricos-hidrossanitarios-de-construcao-civil\/","title":{"rendered":"[Retificado] Aviso de Licita\u00e7\u00e3o (PL 103\/2025) &#8211; Registro de pre\u00e7os para futura e eventual aquisi\u00e7\u00e3o de materiais e equipamentos diversos, incluindo materiais el\u00e9tricos, hidrossanit\u00e1rios, de constru\u00e7\u00e3o civil&#8230;"},"content":{"rendered":"<blockquote>\n<p style=\"text-align: center;\">DOWNLOADS<\/p>\n<\/blockquote>\n<ul>\n<li style=\"list-style-type: none;\">\n<ul>\n<li><del><a href=\"https:\/\/coronelxavierchaves.mg.gov.br\/prefeitura\/wp-content\/uploads\/2025\/09\/EDITAL-103-2025.pdf\">EDITAL<\/a>, publicado em 04\/09\/2025 \u00e0s 12:35h<\/del>. Retificado em 10\/09\/2025.<\/li>\n<li><a href=\"https:\/\/coronelxavierchaves.mg.gov.br\/prefeitura\/wp-content\/uploads\/2025\/09\/ERRATA-103-2025.pdf\">ERRATA<\/a>, publicado em 10\/09\/2025 \u00e0s 13:39h.<\/li>\n<li><a href=\"https:\/\/coronelxavierchaves.mg.gov.br\/prefeitura\/wp-content\/uploads\/2025\/09\/EDITAL-RETIFICADO-103-2025.pdf\">EDITAL RETIFICADO<\/a>, publicado em 10\/09\/2025 \u00e0s 13:39h.<\/li>\n<li><a href=\"https:\/\/coronelxavierchaves.mg.gov.br\/prefeitura\/wp-content\/uploads\/2025\/10\/ARP-CASA-500-103-2025.pdf\">ATA DE REGISTRO DE PRE\u00c7OS: CASA 500<\/a>, publicado em 15\/10\/2025 \u00e0s 08:33h.<\/li>\n<li><a href=\"https:\/\/coronelxavierchaves.mg.gov.br\/prefeitura\/wp-content\/uploads\/2025\/10\/ARP-PIX-LED-103-2025.pdf\">ATA DE REGISTRO DE PRE\u00c7OS: PIX LED<\/a>, publicado em 15\/10\/2025 \u00e0s 08:33h.<\/li>\n<li><a href=\"https:\/\/coronelxavierchaves.mg.gov.br\/prefeitura\/wp-content\/uploads\/2025\/10\/ARP-PREMOLDADOS-COTA-103-2025.pdf\">ATA DE REGISTRO DE PRE\u00c7OS: PREMOLDADOS COTA<\/a>, publicado em 15\/10\/2025 \u00e0s 08:33h.<\/li>\n<li><a href=\"https:\/\/coronelxavierchaves.mg.gov.br\/prefeitura\/wp-content\/uploads\/2025\/10\/ARP-SANTOS-103-2025.pdf\">ATA DE REGISTRO DE PRE\u00c7OS: SANTOS<\/a>, publicado em 15\/10\/2025 \u00e0s 08:33h.<\/li>\n<\/ul>\n<\/li>\n<\/ul>\n<p style=\"text-align: center;\"><strong><u>AVISO DE LICITA\u00c7\u00c3O<\/u><\/strong><\/p>\n<p style=\"text-align: justify;\">Prefeitura Municipal de Coronel Xavier Chaves\/MG. Aviso de Licita\u00e7\u00e3o &#8211; Processo Licitat\u00f3rio \u2013 103\/2025, Preg\u00e3o Eletr\u00f4nico \u2013 45\/2025, do tipo\u00a0MENOR PRE\u00c7O POR ITEM.\u00a0OBJETO:\u00a0<strong>REGISTRO DE PRE\u00c7OS PARA FUTURA E EVENTUAL AQUISI\u00c7\u00c3O DE MATERIAIS E EQUIPAMENTOS DIVERSOS, INCLUINDO MATERIAIS EL\u00c9TRICOS, HIDROSSANIT\u00c1RIOS, DE CONSTRU\u00c7\u00c3O CIVIL, M\u00c1QUINAS EL\u00c9TRICAS PORT\u00c1TEIS, RO\u00c7ADEIRAS, FERRAMENTAS E OUTROS ITENS CORRELATOS, VISANDO ATENDER \u00c0S NECESSIDADES OPERACIONAIS E DE MANUTEN\u00c7\u00c3O DAS ATIVIDADES DA SECRETARIA MUNICIPAL DE OBRAS E URBANISMO DO MUNIC\u00cdPIO DE CORONEL XAVIER CHAVES\/MG.<\/strong>\u00a0Limite de acolhimento das propostas: dia 18\/09\/2025 \u00e0s 07h59min.\u00a0<strong>DISPUTA: 18\/09\/2025, \u00e0s 08h30min, na Plataforma LICITAPP<\/strong>,\u00a0<a href=\"https:\/\/coronelxavierchaves.licitapp.com.br\/\">https:\/\/coronelxavierchaves.licitapp.com.br\/\/<\/a>.\u00a0O edital est\u00e1 dispon\u00edvel no site\u00a0\u00a0\u201c<a href=\"http:\/\/www.coronelxavierchaves.mg.gov.br\/\">www.coronelxavierchaves.mg.gov.br<\/a>&#8221;\u00a0\u00a0, mais informa\u00e7\u00f5es\u00a0na prefeitura municipal \u00e0 Rua Padre Reis, 84, Centro, Coronel Xavier Chaves\/MG, no hor\u00e1rio de 08h00min \u00e0s 12h00min e de 13h00min \u00e0s 16h00min. Tel.:\u00a0<a href=\"tel:%2832%29%203357-1235\">(32) 3216-1053<\/a>\/ (32) 9 9199-6496 (Whatsapp). Coronel Xavier Chaves, 04 de setembro de 2025. Juliana Jaques Camargos \u2013 Pregoeira.<\/p>\n<p>&nbsp;<\/p>\n<div class=\"printshowonly\">\n<p>*<b>PUBLICA\u00c7\u00c3O<\/b><\/p>\n<ul>\n<li>Um destaque desta publica\u00e7\u00e3o foi gerado na p\u00e1gina inicial do site, dispon\u00edvel at\u00e9 que demais publica\u00e7\u00f5es sejam realizadas.<\/li>\n<li>Uma publica\u00e7\u00e3o permanente foi feita na p\u00e1gina de Editais e Licita\u00e7\u00f5es.<\/li>\n<\/ul>\n<\/div>\n","protected":false},"excerpt":{"rendered":"<p>DOWNLOADS EDITAL, publicado em 04\/09\/2025 \u00e0s 12:35h. Retificado em 10\/09\/2025. ERRATA, publicado em 10\/09\/2025 \u00e0s 13:39h. EDITAL RETIFICADO, publicado em 10\/09\/2025 \u00e0s 13:39h. ATA DE REGISTRO DE PRE\u00c7OS: CASA 500, publicado em 15\/10\/2025 \u00e0s 08:33h. ATA DE REGISTRO DE PRE\u00c7OS: PIX LED, publicado em 15\/10\/2025 \u00e0s 08:33h. ATA DE REGISTRO DE PRE\u00c7OS: PREMOLDADOS COTA, publicado [&hellip;]<\/p>\n","protected":false},"author":3,"featured_media":4366,"comment_status":"closed","ping_status":"closed","sticky":false,"template":"","format":"standard","meta":{"footnotes":"","_links_to":"","_links_to_target":""},"categories":[135],"tags":[],"class_list":{"0":"post-24946","1":"post","2":"type-post","3":"status-publish","4":"format-standard","5":"has-post-thumbnail","7":"category-editais-de-licitacao-2025"},"_links":{"self":[{"href":"https:\/\/coronelxavierchaves.mg.gov.br\/prefeitura\/wp-json\/wp\/v2\/posts\/24946","targetHints":{"allow":["GET"]}}],"collection":[{"href":"https:\/\/coronelxavierchaves.mg.gov.br\/prefeitura\/wp-json\/wp\/v2\/posts"}],"about":[{"href":"https:\/\/coronelxavierchaves.mg.gov.br\/prefeitura\/wp-json\/wp\/v2\/types\/post"}],"author":[{"embeddable":true,"href":"https:\/\/coronelxavierchaves.mg.gov.br\/prefeitura\/wp-json\/wp\/v2\/users\/3"}],"replies":[{"embeddable":true,"href":"https:\/\/coronelxavierchaves.mg.gov.br\/prefeitura\/wp-json\/wp\/v2\/comments?post=24946"}],"version-history":[{"count":4,"href":"https:\/\/coronelxavierchaves.mg.gov.br\/prefeitura\/wp-json\/wp\/v2\/posts\/24946\/revisions"}],"predecessor-version":[{"id":25363,"href":"https:\/\/coronelxavierchaves.mg.gov.br\/prefeitura\/wp-json\/wp\/v2\/posts\/24946\/revisions\/25363"}],"wp:featuredmedia":[{"embeddable":true,"href":"https:\/\/coronelxavierchaves.mg.gov.br\/prefeitura\/wp-json\/wp\/v2\/media\/4366"}],"wp:attachment":[{"href":"https:\/\/coronelxavierchaves.mg.gov.br\/prefeitura\/wp-json\/wp\/v2\/media?parent=24946"}],"wp:term":[{"taxonomy":"category","embeddable":true,"href":"https:\/\/coronelxavierchaves.mg.gov.br\/prefeitura\/wp-json\/wp\/v2\/categories?post=24946"},{"taxonomy":"post_tag","embeddable":true,"href":"https:\/\/coronelxavierchaves.mg.gov.br\/prefeitura\/wp-json\/wp\/v2\/tags?post=24946"}],"curies":[{"name":"wp","href":"https:\/\/api.w.org\/{rel}","templated":true}]}}