{"id":24949,"date":"2025-09-04T14:46:07","date_gmt":"2025-09-04T17:46:07","guid":{"rendered":"https:\/\/coronelxavierchaves.mg.gov.br\/prefeitura\/?p=24949"},"modified":"2025-09-04T14:46:07","modified_gmt":"2025-09-04T17:46:07","slug":"contratos-pl-85-2025-concessao-de-permissao-de-uso-precaria-e-temporaria-de-espacos-publicos-para-a-instalacao-e-funcionamento-de-bares-durante-a-realizacao-do-vii-moscoxaves","status":"publish","type":"post","link":"https:\/\/coronelxavierchaves.mg.gov.br\/prefeitura\/2025\/09\/04\/contratos-pl-85-2025-concessao-de-permissao-de-uso-precaria-e-temporaria-de-espacos-publicos-para-a-instalacao-e-funcionamento-de-bares-durante-a-realizacao-do-vii-moscoxaves\/","title":{"rendered":"Contratos (PL 85\/2025) &#8211; Concess\u00e3o de permiss\u00e3o de uso prec\u00e1ria e tempor\u00e1ria de espa\u00e7os p\u00fablicos para a instala\u00e7\u00e3o e funcionamento de bares durante a realiza\u00e7\u00e3o do \u201cVII MOSCOXAVES\u201d"},"content":{"rendered":"<blockquote><p>DOWNLOADS<\/p><\/blockquote>\n<ul>\n<li><a href=\"https:\/\/coronelxavierchaves.mg.gov.br\/prefeitura\/wp-content\/uploads\/2025\/09\/01-CAMARGOS-E-SOUSA-85-2025.pdf\">CONTRATO: CAMARGOS E SOUSA<\/a>, publicado em 04\/09\/2025 \u00e0s 14:46h.<\/li>\n<li><a href=\"https:\/\/coronelxavierchaves.mg.gov.br\/prefeitura\/wp-content\/uploads\/2025\/09\/02-LUCAS-85-2025.pdf\">CONTRATO: LUCAS<\/a>, publicado em 04\/09\/2025 \u00e0s 14:46h.<\/li>\n<li><a href=\"https:\/\/coronelxavierchaves.mg.gov.br\/prefeitura\/wp-content\/uploads\/2025\/09\/03-ROUTE-66-85-2025.pdf\">CONTRATO: ROUTE 66<\/a>, publicado em 04\/09\/2025 \u00e0s 14:46h.<\/li>\n<li><a href=\"https:\/\/coronelxavierchaves.mg.gov.br\/prefeitura\/wp-content\/uploads\/2025\/09\/04-YARA-85-2025.pdf\">CONTRATO: YARA<\/a>, publicado em 04\/09\/2025 \u00e0s 14:46h.<\/li>\n<li><a href=\"https:\/\/coronelxavierchaves.mg.gov.br\/prefeitura\/wp-content\/uploads\/2025\/09\/05-RESENDE-ROTILLI-85-2025.pdf\">CONTRATO: RESENDE ROTILLI<\/a>, publicado em 04\/09\/2025 \u00e0s 14:46h.<\/li>\n<li><a href=\"https:\/\/coronelxavierchaves.mg.gov.br\/prefeitura\/wp-content\/uploads\/2025\/09\/06-DAIANE-85-2025.pdf\">CONTRATO: DAIANE<\/a>, publicado em 04\/09\/2025 \u00e0s 14:46h.<\/li>\n<li><a href=\"https:\/\/coronelxavierchaves.mg.gov.br\/prefeitura\/wp-content\/uploads\/2025\/09\/07-LEIDIANE-85-2025.pdf\">CONTRATO: LEIDIANE<\/a>, publicado em 04\/09\/2025 \u00e0s 14:46h.<\/li>\n<li><a href=\"https:\/\/coronelxavierchaves.mg.gov.br\/prefeitura\/wp-content\/uploads\/2025\/09\/08-EMPORIO-SECULO-XVIII-85-2025.pdf\">CONTRATO: EMP\u00d3RIO SEC\u00daLO XVIII<\/a>, publicado em 04\/09\/2025 \u00e0s 14:46h.<\/li>\n<li><a href=\"https:\/\/coronelxavierchaves.mg.gov.br\/prefeitura\/wp-content\/uploads\/2025\/09\/09-BAROCK-85-2025.pdf\">CONTRATO: BAROCK<\/a>, publicado em 04\/09\/2025 \u00e0s 14:46h.<\/li>\n<\/ul>\n<blockquote><p>OBJETO<\/p><\/blockquote>\n<div style=\"text-align: justify;\">\n<div style=\"text-align: justify;\">\n<div style=\"text-align: justify;\">\n<div><b>CONCESS\u00c3O DE PERMISS\u00c3O DE USO PREC\u00c1RIA E TEMPOR\u00c1RIA DE ESPA\u00c7OS P\u00daBLICOS PARA A INSTALA\u00c7\u00c3O E FUNCIONAMENTO DE BARES, DESTINADOS \u00c0 COMERCIALIZA\u00c7\u00c3O DE G\u00caNEROS ALIMENT\u00cdCIOS E BEBIDAS, DURANTE A REALIZA\u00c7\u00c3O DA VII MOSTRA CULTURAL DE DESENVOLVIMENTO ECON\u00d4MICO E TUR\u00cdSTICO DE CORONEL XAVIER CHAVES \u2013 MOSCOXAVES, A SER REALIZADA NO LARGO GON\u00c7ALVES LARA, NAS PROXIMIDADES DA IGREJA DO ROS\u00c1RIO, NO MUNIC\u00cdPIO DE CORONEL XAVIER CHAVES\/MG, NO PER\u00cdODO DE 04 A 07 DE SETEMBRO DE 2025.<\/b><\/div>\n<div>\n<p>&nbsp;<\/p>\n<div class=\"printshowonly\">\n<p>*<b>PUBLICA\u00c7\u00c3O<\/b><\/p>\n<ul>\n<li>Um destaque desta publica\u00e7\u00e3o foi gerado na p\u00e1gina inicial do site, dispon\u00edvel at\u00e9 que demais publica\u00e7\u00f5es sejam realizadas.<\/li>\n<li>Uma publica\u00e7\u00e3o permanente foi feita na p\u00e1gina de Editais e Licita\u00e7\u00f5es.<\/li>\n<li>Link para acesso:\u00a0http:\/\/coronelxavierchaves.mg.gov.br\/prefeitura\/wp-json\/wp\/v2\/posts\/24949<\/li>\n<\/ul>\n<\/div>\n<\/div>\n<\/div>\n<div><\/div>\n<\/div>\n<\/div>\n","protected":false},"excerpt":{"rendered":"<p>DOWNLOADS CONTRATO: CAMARGOS E SOUSA, publicado em 04\/09\/2025 \u00e0s 14:46h. CONTRATO: LUCAS, publicado em 04\/09\/2025 \u00e0s 14:46h. CONTRATO: ROUTE 66, publicado em 04\/09\/2025 \u00e0s 14:46h. CONTRATO: YARA, publicado em 04\/09\/2025 \u00e0s 14:46h. CONTRATO: RESENDE ROTILLI, publicado em 04\/09\/2025 \u00e0s 14:46h. CONTRATO: DAIANE, publicado em 04\/09\/2025 \u00e0s 14:46h. CONTRATO: LEIDIANE, publicado em 04\/09\/2025 \u00e0s 14:46h. CONTRATO: [&hellip;]<\/p>\n","protected":false},"author":3,"featured_media":4367,"comment_status":"closed","ping_status":"closed","sticky":false,"template":"","format":"standard","meta":{"footnotes":"","_links_to":"","_links_to_target":""},"categories":[139],"tags":[],"class_list":{"0":"post-24949","1":"post","2":"type-post","3":"status-publish","4":"format-standard","5":"has-post-thumbnail","7":"category-contratos-aditivos-atas-e-outros-2025"},"_links":{"self":[{"href":"https:\/\/coronelxavierchaves.mg.gov.br\/prefeitura\/wp-json\/wp\/v2\/posts\/24949","targetHints":{"allow":["GET"]}}],"collection":[{"href":"https:\/\/coronelxavierchaves.mg.gov.br\/prefeitura\/wp-json\/wp\/v2\/posts"}],"about":[{"href":"https:\/\/coronelxavierchaves.mg.gov.br\/prefeitura\/wp-json\/wp\/v2\/types\/post"}],"author":[{"embeddable":true,"href":"https:\/\/coronelxavierchaves.mg.gov.br\/prefeitura\/wp-json\/wp\/v2\/users\/3"}],"replies":[{"embeddable":true,"href":"https:\/\/coronelxavierchaves.mg.gov.br\/prefeitura\/wp-json\/wp\/v2\/comments?post=24949"}],"version-history":[{"count":1,"href":"https:\/\/coronelxavierchaves.mg.gov.br\/prefeitura\/wp-json\/wp\/v2\/posts\/24949\/revisions"}],"predecessor-version":[{"id":24959,"href":"https:\/\/coronelxavierchaves.mg.gov.br\/prefeitura\/wp-json\/wp\/v2\/posts\/24949\/revisions\/24959"}],"wp:featuredmedia":[{"embeddable":true,"href":"https:\/\/coronelxavierchaves.mg.gov.br\/prefeitura\/wp-json\/wp\/v2\/media\/4367"}],"wp:attachment":[{"href":"https:\/\/coronelxavierchaves.mg.gov.br\/prefeitura\/wp-json\/wp\/v2\/media?parent=24949"}],"wp:term":[{"taxonomy":"category","embeddable":true,"href":"https:\/\/coronelxavierchaves.mg.gov.br\/prefeitura\/wp-json\/wp\/v2\/categories?post=24949"},{"taxonomy":"post_tag","embeddable":true,"href":"https:\/\/coronelxavierchaves.mg.gov.br\/prefeitura\/wp-json\/wp\/v2\/tags?post=24949"}],"curies":[{"name":"wp","href":"https:\/\/api.w.org\/{rel}","templated":true}]}}