{"id":24970,"date":"2025-09-04T14:54:11","date_gmt":"2025-09-04T17:54:11","guid":{"rendered":"https:\/\/coronelxavierchaves.mg.gov.br\/prefeitura\/?p=24970"},"modified":"2025-09-04T14:54:11","modified_gmt":"2025-09-04T17:54:11","slug":"contrato-pl-93-2025-contratacao-de-empresa-especializada-para-a-prestacao-de-servicos-de-fornecimento-de-cafe-da-manha","status":"publish","type":"post","link":"https:\/\/coronelxavierchaves.mg.gov.br\/prefeitura\/2025\/09\/04\/contrato-pl-93-2025-contratacao-de-empresa-especializada-para-a-prestacao-de-servicos-de-fornecimento-de-cafe-da-manha\/","title":{"rendered":"Contrato (PL 93\/2025) &#8211; Contrata\u00e7\u00e3o de empresa especializada para a presta\u00e7\u00e3o de servi\u00e7os de fornecimento de caf\u00e9 da manh\u00e3"},"content":{"rendered":"<blockquote><p>DOWNLOADS<\/p><\/blockquote>\n<ul>\n<li><a href=\"https:\/\/coronelxavierchaves.mg.gov.br\/prefeitura\/wp-content\/uploads\/2025\/09\/CONTRATO-93-2025.pdf\">CONTRATO<\/a>, publicado em 04\/09\/2025 \u00e0s 14:54h.<\/li>\n<\/ul>\n<blockquote><p>OBJETO<\/p><\/blockquote>\n<div style=\"text-align: justify;\">\n<div style=\"text-align: justify;\">\n<div style=\"text-align: justify;\">\n<div>Contrata\u00e7\u00e3o de empresa especializada para a presta\u00e7\u00e3o de servi\u00e7os de fornecimento de caf\u00e9 da manh\u00e3, contemplando o preparo, transporte, distribui\u00e7\u00e3o, higieniza\u00e7\u00e3o do local e disponibiliza\u00e7\u00e3o de todos os utens\u00edlios necess\u00e1rios, destinado ao atendimento dos participantes da Caminhada Ecol\u00f3gica, promovida pelo Munic\u00edpio de Coronel Xavier Chaves\/MG, como parte integrante da programa\u00e7\u00e3o da VII Mostra Cultural e de Desenvolvimento Econ\u00f4mico e Tur\u00edstico \u2013 MOSCOXAVES<b>.<\/b><\/div>\n<div>\n<p>&nbsp;<\/p>\n<div class=\"printshowonly\">\n<p>*<b>PUBLICA\u00c7\u00c3O<\/b><\/p>\n<ul>\n<li>Um destaque desta publica\u00e7\u00e3o foi gerado na p\u00e1gina inicial do site, dispon\u00edvel at\u00e9 que demais publica\u00e7\u00f5es sejam realizadas.<\/li>\n<li>Uma publica\u00e7\u00e3o permanente foi feita na p\u00e1gina de Editais e Licita\u00e7\u00f5es.<\/li>\n<li>Link para acesso:\u00a0http:\/\/coronelxavierchaves.mg.gov.br\/prefeitura\/wp-json\/wp\/v2\/posts\/24970<\/li>\n<\/ul>\n<\/div>\n<\/div>\n<\/div>\n<div><\/div>\n<\/div>\n<\/div>\n","protected":false},"excerpt":{"rendered":"<p>DOWNLOADS CONTRATO, publicado em 04\/09\/2025 \u00e0s 14:54h. OBJETO Contrata\u00e7\u00e3o de empresa especializada para a presta\u00e7\u00e3o de servi\u00e7os de fornecimento de caf\u00e9 da manh\u00e3, contemplando o preparo, transporte, distribui\u00e7\u00e3o, higieniza\u00e7\u00e3o do local e disponibiliza\u00e7\u00e3o de todos os utens\u00edlios necess\u00e1rios, destinado ao atendimento dos participantes da Caminhada Ecol\u00f3gica, promovida pelo Munic\u00edpio de Coronel Xavier Chaves\/MG, como parte [&hellip;]<\/p>\n","protected":false},"author":3,"featured_media":4367,"comment_status":"closed","ping_status":"closed","sticky":false,"template":"","format":"standard","meta":{"footnotes":"","_links_to":"","_links_to_target":""},"categories":[139],"tags":[],"class_list":{"0":"post-24970","1":"post","2":"type-post","3":"status-publish","4":"format-standard","5":"has-post-thumbnail","7":"category-contratos-aditivos-atas-e-outros-2025"},"_links":{"self":[{"href":"https:\/\/coronelxavierchaves.mg.gov.br\/prefeitura\/wp-json\/wp\/v2\/posts\/24970","targetHints":{"allow":["GET"]}}],"collection":[{"href":"https:\/\/coronelxavierchaves.mg.gov.br\/prefeitura\/wp-json\/wp\/v2\/posts"}],"about":[{"href":"https:\/\/coronelxavierchaves.mg.gov.br\/prefeitura\/wp-json\/wp\/v2\/types\/post"}],"author":[{"embeddable":true,"href":"https:\/\/coronelxavierchaves.mg.gov.br\/prefeitura\/wp-json\/wp\/v2\/users\/3"}],"replies":[{"embeddable":true,"href":"https:\/\/coronelxavierchaves.mg.gov.br\/prefeitura\/wp-json\/wp\/v2\/comments?post=24970"}],"version-history":[{"count":1,"href":"https:\/\/coronelxavierchaves.mg.gov.br\/prefeitura\/wp-json\/wp\/v2\/posts\/24970\/revisions"}],"predecessor-version":[{"id":24973,"href":"https:\/\/coronelxavierchaves.mg.gov.br\/prefeitura\/wp-json\/wp\/v2\/posts\/24970\/revisions\/24973"}],"wp:featuredmedia":[{"embeddable":true,"href":"https:\/\/coronelxavierchaves.mg.gov.br\/prefeitura\/wp-json\/wp\/v2\/media\/4367"}],"wp:attachment":[{"href":"https:\/\/coronelxavierchaves.mg.gov.br\/prefeitura\/wp-json\/wp\/v2\/media?parent=24970"}],"wp:term":[{"taxonomy":"category","embeddable":true,"href":"https:\/\/coronelxavierchaves.mg.gov.br\/prefeitura\/wp-json\/wp\/v2\/categories?post=24970"},{"taxonomy":"post_tag","embeddable":true,"href":"https:\/\/coronelxavierchaves.mg.gov.br\/prefeitura\/wp-json\/wp\/v2\/tags?post=24970"}],"curies":[{"name":"wp","href":"https:\/\/api.w.org\/{rel}","templated":true}]}}