{"id":24980,"date":"2025-09-04T15:01:08","date_gmt":"2025-09-04T18:01:08","guid":{"rendered":"https:\/\/coronelxavierchaves.mg.gov.br\/prefeitura\/?p=24980"},"modified":"2025-09-04T15:01:08","modified_gmt":"2025-09-04T18:01:08","slug":"contratos-pl-92-2025-aquisicao-de-generos-alimenticios-destinados-a-distribuicao-aos-participantes-do-evento-pedal-moscoxaves-como-parte-da-programacao-da-vii-moscoxaves","status":"publish","type":"post","link":"https:\/\/coronelxavierchaves.mg.gov.br\/prefeitura\/2025\/09\/04\/contratos-pl-92-2025-aquisicao-de-generos-alimenticios-destinados-a-distribuicao-aos-participantes-do-evento-pedal-moscoxaves-como-parte-da-programacao-da-vii-moscoxaves\/","title":{"rendered":"Contratos (PL 92\/2025) &#8211; Aquisi\u00e7\u00e3o de g\u00eaneros aliment\u00edcios destinados \u00e0 distribui\u00e7\u00e3o aos participantes do evento \u201cPEDAL MOSCOXAVES\u201d, como parte da programa\u00e7\u00e3o da VII MOSCOXAVES"},"content":{"rendered":"<blockquote><p>DOWNLOADS<\/p><\/blockquote>\n<ul>\n<li><a href=\"https:\/\/coronelxavierchaves.mg.gov.br\/prefeitura\/wp-content\/uploads\/2025\/09\/CONTRATO-BRUNO-92-2025.pdf\">CONTRATO: BRUNO<\/a>, publicado em 04\/09\/2025 \u00e0s 15:01h.<\/li>\n<li><a href=\"https:\/\/coronelxavierchaves.mg.gov.br\/prefeitura\/wp-content\/uploads\/2025\/09\/CONTRATO-LUCAS-92-2025.pdf\">CONTRATO: LUCAS<\/a>, publicado em 04\/09\/2025 \u00e0s 15:01h.<\/li>\n<\/ul>\n<blockquote><p>OBJETO<\/p><\/blockquote>\n<div style=\"text-align: justify;\">\n<div style=\"text-align: justify;\">\n<div style=\"text-align: justify;\">\n<div><b>AQUISI\u00c7\u00c3O DE G\u00caNEROS ALIMENT\u00cdCIOS DESTINADOS \u00c0 DISTRIBUI\u00c7\u00c3O AOS PARTICIPANTES DO EVENTO \u201cPEDAL MOSCOXAVES\u201d, A SER REALIZADO EM 14 DE SETEMBRO DE 2025, COMO PARTE DA PROGRAMA\u00c7\u00c3O DA VII MOSCOXAVES \u2013 MOSTRA CULTURAL DE DESENVOLVIMENTO ECON\u00d4MICO E TUR\u00cdSTICO\u00a0<span lang=\"PT\">DE CORONEL XAVIER CHAVES\/MG<\/span><\/b><\/div>\n<div>\n<p>&nbsp;<\/p>\n<div class=\"printshowonly\">\n<p>*<b>PUBLICA\u00c7\u00c3O<\/b><\/p>\n<ul>\n<li>Um destaque desta publica\u00e7\u00e3o foi gerado na p\u00e1gina inicial do site, dispon\u00edvel at\u00e9 que demais publica\u00e7\u00f5es sejam realizadas.<\/li>\n<li>Uma publica\u00e7\u00e3o permanente foi feita na p\u00e1gina de Editais e Licita\u00e7\u00f5es.<\/li>\n<li>Link para acesso:\u00a0http:\/\/coronelxavierchaves.mg.gov.br\/prefeitura\/wp-json\/wp\/v2\/posts\/24980<\/li>\n<\/ul>\n<\/div>\n<\/div>\n<\/div>\n<div><\/div>\n<\/div>\n<\/div>\n","protected":false},"excerpt":{"rendered":"<p>DOWNLOADS CONTRATO: BRUNO, publicado em 04\/09\/2025 \u00e0s 15:01h. CONTRATO: LUCAS, publicado em 04\/09\/2025 \u00e0s 15:01h. OBJETO AQUISI\u00c7\u00c3O DE G\u00caNEROS ALIMENT\u00cdCIOS DESTINADOS \u00c0 DISTRIBUI\u00c7\u00c3O AOS PARTICIPANTES DO EVENTO \u201cPEDAL MOSCOXAVES\u201d, A SER REALIZADO EM 14 DE SETEMBRO DE 2025, COMO PARTE DA PROGRAMA\u00c7\u00c3O DA VII MOSCOXAVES \u2013 MOSTRA CULTURAL DE DESENVOLVIMENTO ECON\u00d4MICO E TUR\u00cdSTICO\u00a0DE CORONEL XAVIER [&hellip;]<\/p>\n","protected":false},"author":3,"featured_media":4367,"comment_status":"closed","ping_status":"closed","sticky":false,"template":"","format":"standard","meta":{"footnotes":"","_links_to":"","_links_to_target":""},"categories":[139],"tags":[],"class_list":{"0":"post-24980","1":"post","2":"type-post","3":"status-publish","4":"format-standard","5":"has-post-thumbnail","7":"category-contratos-aditivos-atas-e-outros-2025"},"_links":{"self":[{"href":"https:\/\/coronelxavierchaves.mg.gov.br\/prefeitura\/wp-json\/wp\/v2\/posts\/24980","targetHints":{"allow":["GET"]}}],"collection":[{"href":"https:\/\/coronelxavierchaves.mg.gov.br\/prefeitura\/wp-json\/wp\/v2\/posts"}],"about":[{"href":"https:\/\/coronelxavierchaves.mg.gov.br\/prefeitura\/wp-json\/wp\/v2\/types\/post"}],"author":[{"embeddable":true,"href":"https:\/\/coronelxavierchaves.mg.gov.br\/prefeitura\/wp-json\/wp\/v2\/users\/3"}],"replies":[{"embeddable":true,"href":"https:\/\/coronelxavierchaves.mg.gov.br\/prefeitura\/wp-json\/wp\/v2\/comments?post=24980"}],"version-history":[{"count":1,"href":"https:\/\/coronelxavierchaves.mg.gov.br\/prefeitura\/wp-json\/wp\/v2\/posts\/24980\/revisions"}],"predecessor-version":[{"id":24984,"href":"https:\/\/coronelxavierchaves.mg.gov.br\/prefeitura\/wp-json\/wp\/v2\/posts\/24980\/revisions\/24984"}],"wp:featuredmedia":[{"embeddable":true,"href":"https:\/\/coronelxavierchaves.mg.gov.br\/prefeitura\/wp-json\/wp\/v2\/media\/4367"}],"wp:attachment":[{"href":"https:\/\/coronelxavierchaves.mg.gov.br\/prefeitura\/wp-json\/wp\/v2\/media?parent=24980"}],"wp:term":[{"taxonomy":"category","embeddable":true,"href":"https:\/\/coronelxavierchaves.mg.gov.br\/prefeitura\/wp-json\/wp\/v2\/categories?post=24980"},{"taxonomy":"post_tag","embeddable":true,"href":"https:\/\/coronelxavierchaves.mg.gov.br\/prefeitura\/wp-json\/wp\/v2\/tags?post=24980"}],"curies":[{"name":"wp","href":"https:\/\/api.w.org\/{rel}","templated":true}]}}