{"id":24986,"date":"2025-09-04T15:04:16","date_gmt":"2025-09-04T18:04:16","guid":{"rendered":"https:\/\/coronelxavierchaves.mg.gov.br\/prefeitura\/?p=24986"},"modified":"2025-09-04T15:04:16","modified_gmt":"2025-09-04T18:04:16","slug":"ata-de-registro-de-precos-pl-94-2025-registro-de-precos-para-a-aquisicao-de-pecas-originais-ou-compativeis-de-primeira-linha-destinadas-a-manutencao-preventiva-e-corretiva-de-maquinas-da-marca-sti","status":"publish","type":"post","link":"https:\/\/coronelxavierchaves.mg.gov.br\/prefeitura\/2025\/09\/04\/ata-de-registro-de-precos-pl-94-2025-registro-de-precos-para-a-aquisicao-de-pecas-originais-ou-compativeis-de-primeira-linha-destinadas-a-manutencao-preventiva-e-corretiva-de-maquinas-da-marca-sti\/","title":{"rendered":"Ata de registro de pre\u00e7os (PL 94\/2025) &#8211; Registro de pre\u00e7os para a aquisi\u00e7\u00e3o de pe\u00e7as originais ou compat\u00edveis de primeira linha destinadas \u00e0 manuten\u00e7\u00e3o preventiva e corretiva de m\u00e1quinas da marca Stihl"},"content":{"rendered":"<blockquote><p>DOWNLOADS<\/p><\/blockquote>\n<ul>\n<li><a href=\"https:\/\/coronelxavierchaves.mg.gov.br\/prefeitura\/wp-content\/uploads\/2025\/09\/ARP-MATEUS-94-2025.pdf\">ATA DE REGISTRO DE PRE\u00c7OS<\/a>, publicado em 04\/09\/2025 \u00e0s 15:04h.<\/li>\n<\/ul>\n<blockquote><p>OBJETO<\/p><\/blockquote>\n<div style=\"text-align: justify;\">\n<div style=\"text-align: justify;\">\n<p>Registro de pre\u00e7os para futura e eventual\u00a0<span lang=\"PT\">aquisi\u00e7\u00e3o de\u00a0<\/span>pe\u00e7as originais ou compat\u00edveis de primeira linha destinadas \u00e0 manuten\u00e7\u00e3o preventiva e corretiva de m\u00e1quinas da marca STIHL, visando atender \u00e0s necessidades operacionais da Secretaria Municipal de Obras e Urbanismo do munic\u00edpio de Coronel Xavier Chaves\/MG.<\/p>\n<\/div>\n<div>\n<p>&nbsp;<\/p>\n<div>\n<p>*<b>PUBLICA\u00c7\u00c3O<\/b><\/p>\n<ul>\n<li>Um destaque desta publica\u00e7\u00e3o foi gerado na p\u00e1gina inicial do site, dispon\u00edvel at\u00e9 que demais publica\u00e7\u00f5es sejam realizadas.<\/li>\n<li>Uma publica\u00e7\u00e3o permanente foi feita na p\u00e1gina de Editais e Licita\u00e7\u00f5es.<\/li>\n<li>Link para acesso:\u00a0http:\/\/coronelxavierchaves.mg.gov.br\/prefeitura\/wp-json\/wp\/v2\/posts\/24986<\/li>\n<\/ul>\n<\/div>\n<\/div>\n<\/div>\n","protected":false},"excerpt":{"rendered":"<p>DOWNLOADS ATA DE REGISTRO DE PRE\u00c7OS, publicado em 04\/09\/2025 \u00e0s 15:04h. OBJETO Registro de pre\u00e7os para futura e eventual\u00a0aquisi\u00e7\u00e3o de\u00a0pe\u00e7as originais ou compat\u00edveis de primeira linha destinadas \u00e0 manuten\u00e7\u00e3o preventiva e corretiva de m\u00e1quinas da marca STIHL, visando atender \u00e0s necessidades operacionais da Secretaria Municipal de Obras e Urbanismo do munic\u00edpio de Coronel Xavier Chaves\/MG. [&hellip;]<\/p>\n","protected":false},"author":3,"featured_media":4367,"comment_status":"closed","ping_status":"closed","sticky":false,"template":"","format":"standard","meta":{"footnotes":"","_links_to":"","_links_to_target":""},"categories":[139],"tags":[],"class_list":{"0":"post-24986","1":"post","2":"type-post","3":"status-publish","4":"format-standard","5":"has-post-thumbnail","7":"category-contratos-aditivos-atas-e-outros-2025"},"_links":{"self":[{"href":"https:\/\/coronelxavierchaves.mg.gov.br\/prefeitura\/wp-json\/wp\/v2\/posts\/24986","targetHints":{"allow":["GET"]}}],"collection":[{"href":"https:\/\/coronelxavierchaves.mg.gov.br\/prefeitura\/wp-json\/wp\/v2\/posts"}],"about":[{"href":"https:\/\/coronelxavierchaves.mg.gov.br\/prefeitura\/wp-json\/wp\/v2\/types\/post"}],"author":[{"embeddable":true,"href":"https:\/\/coronelxavierchaves.mg.gov.br\/prefeitura\/wp-json\/wp\/v2\/users\/3"}],"replies":[{"embeddable":true,"href":"https:\/\/coronelxavierchaves.mg.gov.br\/prefeitura\/wp-json\/wp\/v2\/comments?post=24986"}],"version-history":[{"count":1,"href":"https:\/\/coronelxavierchaves.mg.gov.br\/prefeitura\/wp-json\/wp\/v2\/posts\/24986\/revisions"}],"predecessor-version":[{"id":24988,"href":"https:\/\/coronelxavierchaves.mg.gov.br\/prefeitura\/wp-json\/wp\/v2\/posts\/24986\/revisions\/24988"}],"wp:featuredmedia":[{"embeddable":true,"href":"https:\/\/coronelxavierchaves.mg.gov.br\/prefeitura\/wp-json\/wp\/v2\/media\/4367"}],"wp:attachment":[{"href":"https:\/\/coronelxavierchaves.mg.gov.br\/prefeitura\/wp-json\/wp\/v2\/media?parent=24986"}],"wp:term":[{"taxonomy":"category","embeddable":true,"href":"https:\/\/coronelxavierchaves.mg.gov.br\/prefeitura\/wp-json\/wp\/v2\/categories?post=24986"},{"taxonomy":"post_tag","embeddable":true,"href":"https:\/\/coronelxavierchaves.mg.gov.br\/prefeitura\/wp-json\/wp\/v2\/tags?post=24986"}],"curies":[{"name":"wp","href":"https:\/\/api.w.org\/{rel}","templated":true}]}}