{"id":24992,"date":"2025-09-04T15:08:13","date_gmt":"2025-09-04T18:08:13","guid":{"rendered":"https:\/\/coronelxavierchaves.mg.gov.br\/prefeitura\/?p=24992"},"modified":"2025-09-04T15:08:13","modified_gmt":"2025-09-04T18:08:13","slug":"contrato-e-ordem-de-servico-pl-70-2025-contratacao-de-empresa-especializada-para-execucao-dos-servicos-de-reforma-da-pintura-e-ampliacao-do-almoxarifado-da-unidade-da-farmacia-de-minas","status":"publish","type":"post","link":"https:\/\/coronelxavierchaves.mg.gov.br\/prefeitura\/2025\/09\/04\/contrato-e-ordem-de-servico-pl-70-2025-contratacao-de-empresa-especializada-para-execucao-dos-servicos-de-reforma-da-pintura-e-ampliacao-do-almoxarifado-da-unidade-da-farmacia-de-minas\/","title":{"rendered":"Contrato e Ordem de Servi\u00e7o (PL 70\/2025) &#8211; Contrata\u00e7\u00e3o de empresa especializada para execu\u00e7\u00e3o dos servi\u00e7os de reforma da pintura e amplia\u00e7\u00e3o do almoxarifado da unidade da Farm\u00e1cia de Minas"},"content":{"rendered":"<blockquote><p>DOWNLOADS<\/p><\/blockquote>\n<ul>\n<li><a href=\"https:\/\/coronelxavierchaves.mg.gov.br\/prefeitura\/wp-content\/uploads\/2025\/09\/CONTRATO-70-2025.pdf\">CONTRATO<\/a>, publicado em 04\/09\/2025 \u00e0s 15:08h.<\/li>\n<li><a href=\"https:\/\/coronelxavierchaves.mg.gov.br\/prefeitura\/wp-content\/uploads\/2025\/09\/ORDEM-DE-SERVICO-70-2025.pdf\">ORDEM DE SERVI\u00c7O<\/a>, publicado em 04\/09\/2025 \u00e0s 15:08h.<\/li>\n<\/ul>\n<blockquote><p>OBJETO<\/p><\/blockquote>\n<div style=\"text-align: justify;\">\n<div style=\"text-align: justify;\">\n<div style=\"text-align: justify;\">\n<div><b>CONTRATA\u00c7\u00c3O DE EMPRESA ESPECIALIZADA PARA EXECU\u00c7\u00c3O DOS SERVI\u00c7OS DE REFORMA DA PINTURA E AMPLIA\u00c7\u00c3O DO ALMOXARIFADO DA UNIDADE DA FARM\u00c1CIA DE MINAS \u201cJANDIR SILVA\u201d, LOCALIZADA NO MUNIC\u00cdPIO DE CORONEL XAVIER CHAVES\/MG, BEM P\u00daBLICO DE PROPRIEDADE DA PREFEITURA MUNICIPAL.<\/b><\/div>\n<div>\n<p>&nbsp;<\/p>\n<div class=\"printshowonly\">\n<p>*<b>PUBLICA\u00c7\u00c3O<\/b><\/p>\n<ul>\n<li>Um destaque desta publica\u00e7\u00e3o foi gerado na p\u00e1gina inicial do site, dispon\u00edvel at\u00e9 que demais publica\u00e7\u00f5es sejam realizadas.<\/li>\n<li>Uma publica\u00e7\u00e3o permanente foi feita na p\u00e1gina de Editais e Licita\u00e7\u00f5es.<\/li>\n<li>Link para acesso:\u00a0http:\/\/coronelxavierchaves.mg.gov.br\/prefeitura\/wp-json\/wp\/v2\/posts\/24992<\/li>\n<\/ul>\n<\/div>\n<\/div>\n<\/div>\n<div><\/div>\n<\/div>\n<\/div>\n","protected":false},"excerpt":{"rendered":"<p>DOWNLOADS CONTRATO, publicado em 04\/09\/2025 \u00e0s 15:08h. ORDEM DE SERVI\u00c7O, publicado em 04\/09\/2025 \u00e0s 15:08h. OBJETO CONTRATA\u00c7\u00c3O DE EMPRESA ESPECIALIZADA PARA EXECU\u00c7\u00c3O DOS SERVI\u00c7OS DE REFORMA DA PINTURA E AMPLIA\u00c7\u00c3O DO ALMOXARIFADO DA UNIDADE DA FARM\u00c1CIA DE MINAS \u201cJANDIR SILVA\u201d, LOCALIZADA NO MUNIC\u00cdPIO DE CORONEL XAVIER CHAVES\/MG, BEM P\u00daBLICO DE PROPRIEDADE DA PREFEITURA MUNICIPAL. &nbsp; [&hellip;]<\/p>\n","protected":false},"author":3,"featured_media":4367,"comment_status":"closed","ping_status":"closed","sticky":false,"template":"","format":"standard","meta":{"footnotes":"","_links_to":"","_links_to_target":""},"categories":[139],"tags":[],"class_list":{"0":"post-24992","1":"post","2":"type-post","3":"status-publish","4":"format-standard","5":"has-post-thumbnail","7":"category-contratos-aditivos-atas-e-outros-2025"},"_links":{"self":[{"href":"https:\/\/coronelxavierchaves.mg.gov.br\/prefeitura\/wp-json\/wp\/v2\/posts\/24992","targetHints":{"allow":["GET"]}}],"collection":[{"href":"https:\/\/coronelxavierchaves.mg.gov.br\/prefeitura\/wp-json\/wp\/v2\/posts"}],"about":[{"href":"https:\/\/coronelxavierchaves.mg.gov.br\/prefeitura\/wp-json\/wp\/v2\/types\/post"}],"author":[{"embeddable":true,"href":"https:\/\/coronelxavierchaves.mg.gov.br\/prefeitura\/wp-json\/wp\/v2\/users\/3"}],"replies":[{"embeddable":true,"href":"https:\/\/coronelxavierchaves.mg.gov.br\/prefeitura\/wp-json\/wp\/v2\/comments?post=24992"}],"version-history":[{"count":1,"href":"https:\/\/coronelxavierchaves.mg.gov.br\/prefeitura\/wp-json\/wp\/v2\/posts\/24992\/revisions"}],"predecessor-version":[{"id":24995,"href":"https:\/\/coronelxavierchaves.mg.gov.br\/prefeitura\/wp-json\/wp\/v2\/posts\/24992\/revisions\/24995"}],"wp:featuredmedia":[{"embeddable":true,"href":"https:\/\/coronelxavierchaves.mg.gov.br\/prefeitura\/wp-json\/wp\/v2\/media\/4367"}],"wp:attachment":[{"href":"https:\/\/coronelxavierchaves.mg.gov.br\/prefeitura\/wp-json\/wp\/v2\/media?parent=24992"}],"wp:term":[{"taxonomy":"category","embeddable":true,"href":"https:\/\/coronelxavierchaves.mg.gov.br\/prefeitura\/wp-json\/wp\/v2\/categories?post=24992"},{"taxonomy":"post_tag","embeddable":true,"href":"https:\/\/coronelxavierchaves.mg.gov.br\/prefeitura\/wp-json\/wp\/v2\/tags?post=24992"}],"curies":[{"name":"wp","href":"https:\/\/api.w.org\/{rel}","templated":true}]}}