{"id":25002,"date":"2025-09-08T14:22:24","date_gmt":"2025-09-08T17:22:24","guid":{"rendered":"https:\/\/coronelxavierchaves.mg.gov.br\/prefeitura\/?p=25002"},"modified":"2025-09-11T08:06:15","modified_gmt":"2025-09-11T11:06:15","slug":"autorizacao-pl-104-2025-adesao-a-ata-de-registro-de-precos-no-004-2025-da-prefeitura-municipal-de-abadia-de-goias-go-para-o-fornecimento-de-espacos-modulares-multiuso-emm","status":"publish","type":"post","link":"https:\/\/coronelxavierchaves.mg.gov.br\/prefeitura\/2025\/09\/08\/autorizacao-pl-104-2025-adesao-a-ata-de-registro-de-precos-no-004-2025-da-prefeitura-municipal-de-abadia-de-goias-go-para-o-fornecimento-de-espacos-modulares-multiuso-emm\/","title":{"rendered":"Autoriza\u00e7\u00e3o (PL 104\/2025) &#8211; Ades\u00e3o \u00e0 Ata de Registro de Pre\u00e7os n\u00ba 004\/2025, da Prefeitura Municipal de Abadia de Goi\u00e1s\/GO, para o fornecimento de Espa\u00e7os Modulares Multiuso (EMM)"},"content":{"rendered":"<blockquote><p>DOWNLOADS<\/p><\/blockquote>\n<ul>\n<li><a href=\"https:\/\/coronelxavierchaves.mg.gov.br\/prefeitura\/wp-content\/uploads\/2025\/09\/AUTORIZACAO-140-2025.pdf\">AUTORIZA\u00c7\u00c3O<\/a>, publicado em 08\/09\/2025 \u00e0s 14:22h.<\/li>\n<li><a href=\"https:\/\/coronelxavierchaves.mg.gov.br\/prefeitura\/wp-content\/uploads\/2025\/09\/CONTRATO-104-2025.pdf\">CONTRATO<\/a>, publicado em 11\/09\/2025 \u00e0s 08:06h.<\/li>\n<\/ul>\n<blockquote><p>OBJETO<\/p><\/blockquote>\n<div style=\"text-align: justify;\">\n<div style=\"text-align: justify;\">\n<p style=\"font-weight: 400;\">Ades\u00e3o \u00e0 Ata de Registro de Pre\u00e7os n\u00ba 004\/2025, da Prefeitura Municipal de Abadia de Goi\u00e1s\/GO, para o fornecimento de Espa\u00e7os Modulares Multiuso (EMM) pr\u00e9-fabricados, acompanhados de seus respectivos acess\u00f3rios, bem como a execu\u00e7\u00e3o dos servi\u00e7os de mobiliza\u00e7\u00e3o e montagem necess\u00e1rios, destinados \u00e0 implanta\u00e7\u00e3o de sala multidisciplinar voltada ao atendimento da rede municipal de ensino do Munic\u00edpio de Coronel Xavier Chaves\/MG.<\/p>\n<\/div>\n<div>\n<p>&nbsp;<\/p>\n<div>\n<p>*<b>PUBLICA\u00c7\u00c3O<\/b><\/p>\n<ul>\n<li>Um destaque desta publica\u00e7\u00e3o foi gerado na p\u00e1gina inicial do site, dispon\u00edvel at\u00e9 que demais publica\u00e7\u00f5es sejam realizadas.<\/li>\n<li>Uma publica\u00e7\u00e3o permanente foi feita na p\u00e1gina de Editais e Licita\u00e7\u00f5es.<\/li>\n<\/ul>\n<\/div>\n<\/div>\n<\/div>\n","protected":false},"excerpt":{"rendered":"<p>DOWNLOADS AUTORIZA\u00c7\u00c3O, publicado em 08\/09\/2025 \u00e0s 14:22h. CONTRATO, publicado em 11\/09\/2025 \u00e0s 08:06h. OBJETO Ades\u00e3o \u00e0 Ata de Registro de Pre\u00e7os n\u00ba 004\/2025, da Prefeitura Municipal de Abadia de Goi\u00e1s\/GO, para o fornecimento de Espa\u00e7os Modulares Multiuso (EMM) pr\u00e9-fabricados, acompanhados de seus respectivos acess\u00f3rios, bem como a execu\u00e7\u00e3o dos servi\u00e7os de mobiliza\u00e7\u00e3o e montagem necess\u00e1rios, [&hellip;]<\/p>\n","protected":false},"author":3,"featured_media":4367,"comment_status":"closed","ping_status":"closed","sticky":false,"template":"","format":"standard","meta":{"footnotes":"","_links_to":"","_links_to_target":""},"categories":[135],"tags":[],"class_list":{"0":"post-25002","1":"post","2":"type-post","3":"status-publish","4":"format-standard","5":"has-post-thumbnail","7":"category-editais-de-licitacao-2025"},"_links":{"self":[{"href":"https:\/\/coronelxavierchaves.mg.gov.br\/prefeitura\/wp-json\/wp\/v2\/posts\/25002","targetHints":{"allow":["GET"]}}],"collection":[{"href":"https:\/\/coronelxavierchaves.mg.gov.br\/prefeitura\/wp-json\/wp\/v2\/posts"}],"about":[{"href":"https:\/\/coronelxavierchaves.mg.gov.br\/prefeitura\/wp-json\/wp\/v2\/types\/post"}],"author":[{"embeddable":true,"href":"https:\/\/coronelxavierchaves.mg.gov.br\/prefeitura\/wp-json\/wp\/v2\/users\/3"}],"replies":[{"embeddable":true,"href":"https:\/\/coronelxavierchaves.mg.gov.br\/prefeitura\/wp-json\/wp\/v2\/comments?post=25002"}],"version-history":[{"count":4,"href":"https:\/\/coronelxavierchaves.mg.gov.br\/prefeitura\/wp-json\/wp\/v2\/posts\/25002\/revisions"}],"predecessor-version":[{"id":25042,"href":"https:\/\/coronelxavierchaves.mg.gov.br\/prefeitura\/wp-json\/wp\/v2\/posts\/25002\/revisions\/25042"}],"wp:featuredmedia":[{"embeddable":true,"href":"https:\/\/coronelxavierchaves.mg.gov.br\/prefeitura\/wp-json\/wp\/v2\/media\/4367"}],"wp:attachment":[{"href":"https:\/\/coronelxavierchaves.mg.gov.br\/prefeitura\/wp-json\/wp\/v2\/media?parent=25002"}],"wp:term":[{"taxonomy":"category","embeddable":true,"href":"https:\/\/coronelxavierchaves.mg.gov.br\/prefeitura\/wp-json\/wp\/v2\/categories?post=25002"},{"taxonomy":"post_tag","embeddable":true,"href":"https:\/\/coronelxavierchaves.mg.gov.br\/prefeitura\/wp-json\/wp\/v2\/tags?post=25002"}],"curies":[{"name":"wp","href":"https:\/\/api.w.org\/{rel}","templated":true}]}}