{"id":25043,"date":"2025-09-11T08:10:06","date_gmt":"2025-09-11T11:10:06","guid":{"rendered":"https:\/\/coronelxavierchaves.mg.gov.br\/prefeitura\/?p=25043"},"modified":"2025-09-11T08:10:06","modified_gmt":"2025-09-11T11:10:06","slug":"1o-termos-aditivos-pl-109-2024-contratacao-de-servicos-especializados-para-a-promocao-de-festas-e-eventos-no-municipio","status":"publish","type":"post","link":"https:\/\/coronelxavierchaves.mg.gov.br\/prefeitura\/2025\/09\/11\/1o-termos-aditivos-pl-109-2024-contratacao-de-servicos-especializados-para-a-promocao-de-festas-e-eventos-no-municipio\/","title":{"rendered":"1\u00ba Termos Aditivos (PL 109\/2024) &#8211; Contrata\u00e7\u00e3o de servi\u00e7os especializados para a promo\u00e7\u00e3o de festas e eventos no munic\u00edpio&#8230;"},"content":{"rendered":"<blockquote><p>DOWNLOADS<\/p><\/blockquote>\n<ul>\n<li><a href=\"https:\/\/coronelxavierchaves.mg.gov.br\/prefeitura\/wp-content\/uploads\/2025\/09\/1o-TA-ARP-AVILA-209-2024.pdf\">1\u00ba TERMO ADITIVO: AVILA<\/a>, publicado em 11\/09\/2025 \u00e0s 08:10h.<\/li>\n<li><a href=\"https:\/\/coronelxavierchaves.mg.gov.br\/prefeitura\/wp-content\/uploads\/2025\/09\/1o-TA-ARP-ELANILSON-109-2024.pdf\">1\u00ba TERMO ADITIVO: ELANILSON<\/a>, publicado em 11\/09\/2025 \u00e0s 08:10h.<\/li>\n<\/ul>\n<blockquote><p>OBJETO<\/p><\/blockquote>\n<div style=\"text-align: justify;\">\n<div style=\"text-align: justify;\">\n<p><b><u>CONTRATA\u00c7\u00c3O DE SERVI\u00c7OS ESPECIALIZADOS PARA A PROMO\u00c7\u00c3O DE FESTAS E EVENTOS NO MUNIC\u00cdPIO DE CORONEL XAVIER CHAVES, LOCA\u00c7\u00c3O DE ESTRUTURAS DE PALCO, SOM, ILUMINA\u00c7\u00c3O, SERVI\u00c7OS DE SHOWS, SERVI\u00c7OS DE APOIO LOG\u00cdSTICO E DE SUPORTE, PUBLICIDADE, LOCA\u00c7\u00c3O DE BRINQUEDOS PARA CRIAN\u00c7AS, ENTRE OUTROS EQUIPAMENTOS E SERVI\u00c7OS.<\/u><\/b><\/p>\n<p>&nbsp;<\/p>\n<\/div>\n<\/div>\n<div class=\"printshowonly\">\n<p>*<b>PUBLICA\u00c7\u00c3O<\/b><\/p>\n<ul>\n<li>Um destaque desta publica\u00e7\u00e3o foi gerado na p\u00e1gina inicial do site, dispon\u00edvel at\u00e9 que demais publica\u00e7\u00f5es sejam realizadas.<\/li>\n<li>Uma publica\u00e7\u00e3o permanente foi feita na p\u00e1gina de Editais e Licita\u00e7\u00f5es.<\/li>\n<li>Link para acesso:http:\/\/coronelxavierchaves.mg.gov.br\/prefeitura\/wp-json\/wp\/v2\/posts\/25043<\/li>\n<\/ul>\n<\/div>\n","protected":false},"excerpt":{"rendered":"<p>DOWNLOADS 1\u00ba TERMO ADITIVO: AVILA, publicado em 11\/09\/2025 \u00e0s 08:10h. 1\u00ba TERMO ADITIVO: ELANILSON, publicado em 11\/09\/2025 \u00e0s 08:10h. OBJETO CONTRATA\u00c7\u00c3O DE SERVI\u00c7OS ESPECIALIZADOS PARA A PROMO\u00c7\u00c3O DE FESTAS E EVENTOS NO MUNIC\u00cdPIO DE CORONEL XAVIER CHAVES, LOCA\u00c7\u00c3O DE ESTRUTURAS DE PALCO, SOM, ILUMINA\u00c7\u00c3O, SERVI\u00c7OS DE SHOWS, SERVI\u00c7OS DE APOIO LOG\u00cdSTICO E DE SUPORTE, PUBLICIDADE, [&hellip;]<\/p>\n","protected":false},"author":3,"featured_media":4367,"comment_status":"closed","ping_status":"closed","sticky":false,"template":"","format":"standard","meta":{"footnotes":"","_links_to":"","_links_to_target":""},"categories":[139],"tags":[],"class_list":{"0":"post-25043","1":"post","2":"type-post","3":"status-publish","4":"format-standard","5":"has-post-thumbnail","7":"category-contratos-aditivos-atas-e-outros-2025"},"_links":{"self":[{"href":"https:\/\/coronelxavierchaves.mg.gov.br\/prefeitura\/wp-json\/wp\/v2\/posts\/25043","targetHints":{"allow":["GET"]}}],"collection":[{"href":"https:\/\/coronelxavierchaves.mg.gov.br\/prefeitura\/wp-json\/wp\/v2\/posts"}],"about":[{"href":"https:\/\/coronelxavierchaves.mg.gov.br\/prefeitura\/wp-json\/wp\/v2\/types\/post"}],"author":[{"embeddable":true,"href":"https:\/\/coronelxavierchaves.mg.gov.br\/prefeitura\/wp-json\/wp\/v2\/users\/3"}],"replies":[{"embeddable":true,"href":"https:\/\/coronelxavierchaves.mg.gov.br\/prefeitura\/wp-json\/wp\/v2\/comments?post=25043"}],"version-history":[{"count":1,"href":"https:\/\/coronelxavierchaves.mg.gov.br\/prefeitura\/wp-json\/wp\/v2\/posts\/25043\/revisions"}],"predecessor-version":[{"id":25046,"href":"https:\/\/coronelxavierchaves.mg.gov.br\/prefeitura\/wp-json\/wp\/v2\/posts\/25043\/revisions\/25046"}],"wp:featuredmedia":[{"embeddable":true,"href":"https:\/\/coronelxavierchaves.mg.gov.br\/prefeitura\/wp-json\/wp\/v2\/media\/4367"}],"wp:attachment":[{"href":"https:\/\/coronelxavierchaves.mg.gov.br\/prefeitura\/wp-json\/wp\/v2\/media?parent=25043"}],"wp:term":[{"taxonomy":"category","embeddable":true,"href":"https:\/\/coronelxavierchaves.mg.gov.br\/prefeitura\/wp-json\/wp\/v2\/categories?post=25043"},{"taxonomy":"post_tag","embeddable":true,"href":"https:\/\/coronelxavierchaves.mg.gov.br\/prefeitura\/wp-json\/wp\/v2\/tags?post=25043"}],"curies":[{"name":"wp","href":"https:\/\/api.w.org\/{rel}","templated":true}]}}