{"id":25048,"date":"2025-09-11T08:13:05","date_gmt":"2025-09-11T11:13:05","guid":{"rendered":"https:\/\/coronelxavierchaves.mg.gov.br\/prefeitura\/?p=25048"},"modified":"2025-09-11T08:13:05","modified_gmt":"2025-09-11T11:13:05","slug":"declaracao-de-processo-deserto-pa-100-2025-contratacao-de-empresa-especializada-para-a-confeccao-de-produtos-graficos","status":"publish","type":"post","link":"https:\/\/coronelxavierchaves.mg.gov.br\/prefeitura\/2025\/09\/11\/declaracao-de-processo-deserto-pa-100-2025-contratacao-de-empresa-especializada-para-a-confeccao-de-produtos-graficos\/","title":{"rendered":"Declara\u00e7\u00e3o de Processo Deserto (PA 100\/2025) &#8211; Contrata\u00e7\u00e3o de empresa especializada para a confec\u00e7\u00e3o de produtos gr\u00e1ficos"},"content":{"rendered":"<blockquote><p>DOWNLOADS<\/p><\/blockquote>\n<ul>\n<li><a href=\"https:\/\/coronelxavierchaves.mg.gov.br\/prefeitura\/wp-content\/uploads\/2025\/09\/DECLARACAO-100-2025.pdf\">DECLARA\u00c7\u00c3O DE PROCESSO DESERTO<\/a>, publicado em 11\/09\/2025 \u00e0s 08:13h.<\/li>\n<\/ul>\n<blockquote><p>OBJETO<\/p><\/blockquote>\n<div style=\"text-align: justify;\"><b><span lang=\"X-NONE\">CONTRATA\u00c7\u00c3O DE EMPRESA ESPECIALIZADA PARA A CONFEC\u00c7\u00c3O DE PRODUTOS GR\u00c1FICOS DESTINADOS \u00c0 COMPOSI\u00c7\u00c3O VISUAL E ORGANIZACIONAL PARA A REINAUGURA\u00c7\u00c3O DAS DEPEND\u00caNCIAS DA SEDE DA C\u00c2MARA MUNICIPAL DE CORONEL XAVIER CHAVES\/MG.<\/span><\/b><\/div>\n<div><\/div>\n<div><\/div>\n<div class=\"printshowonly\">\n<p>*<b>PUBLICA\u00c7\u00c3O<\/b><\/p>\n<ul>\n<li>Um destaque desta publica\u00e7\u00e3o foi gerado na p\u00e1gina inicial do site, dispon\u00edvel at\u00e9 que demais publica\u00e7\u00f5es sejam realizadas.<\/li>\n<li>Uma publica\u00e7\u00e3o permanente foi feita na p\u00e1gina de Editais e Licita\u00e7\u00f5es.<\/li>\n<li>Link para acesso:\u00a0http:\/\/coronelxavierchaves.mg.gov.br\/prefeitura\/wp-json\/wp\/v2\/posts\/25048<\/li>\n<\/ul>\n<\/div>\n","protected":false},"excerpt":{"rendered":"<p>DOWNLOADS DECLARA\u00c7\u00c3O DE PROCESSO DESERTO, publicado em 11\/09\/2025 \u00e0s 08:13h. OBJETO CONTRATA\u00c7\u00c3O DE EMPRESA ESPECIALIZADA PARA A CONFEC\u00c7\u00c3O DE PRODUTOS GR\u00c1FICOS DESTINADOS \u00c0 COMPOSI\u00c7\u00c3O VISUAL E ORGANIZACIONAL PARA A REINAUGURA\u00c7\u00c3O DAS DEPEND\u00caNCIAS DA SEDE DA C\u00c2MARA MUNICIPAL DE CORONEL XAVIER CHAVES\/MG. *PUBLICA\u00c7\u00c3O Um destaque desta publica\u00e7\u00e3o foi gerado na p\u00e1gina inicial do site, dispon\u00edvel at\u00e9 [&hellip;]<\/p>\n","protected":false},"author":3,"featured_media":4367,"comment_status":"closed","ping_status":"closed","sticky":false,"template":"","format":"standard","meta":{"footnotes":"","_links_to":"","_links_to_target":""},"categories":[139],"tags":[],"class_list":{"0":"post-25048","1":"post","2":"type-post","3":"status-publish","4":"format-standard","5":"has-post-thumbnail","7":"category-contratos-aditivos-atas-e-outros-2025"},"_links":{"self":[{"href":"https:\/\/coronelxavierchaves.mg.gov.br\/prefeitura\/wp-json\/wp\/v2\/posts\/25048","targetHints":{"allow":["GET"]}}],"collection":[{"href":"https:\/\/coronelxavierchaves.mg.gov.br\/prefeitura\/wp-json\/wp\/v2\/posts"}],"about":[{"href":"https:\/\/coronelxavierchaves.mg.gov.br\/prefeitura\/wp-json\/wp\/v2\/types\/post"}],"author":[{"embeddable":true,"href":"https:\/\/coronelxavierchaves.mg.gov.br\/prefeitura\/wp-json\/wp\/v2\/users\/3"}],"replies":[{"embeddable":true,"href":"https:\/\/coronelxavierchaves.mg.gov.br\/prefeitura\/wp-json\/wp\/v2\/comments?post=25048"}],"version-history":[{"count":1,"href":"https:\/\/coronelxavierchaves.mg.gov.br\/prefeitura\/wp-json\/wp\/v2\/posts\/25048\/revisions"}],"predecessor-version":[{"id":25050,"href":"https:\/\/coronelxavierchaves.mg.gov.br\/prefeitura\/wp-json\/wp\/v2\/posts\/25048\/revisions\/25050"}],"wp:featuredmedia":[{"embeddable":true,"href":"https:\/\/coronelxavierchaves.mg.gov.br\/prefeitura\/wp-json\/wp\/v2\/media\/4367"}],"wp:attachment":[{"href":"https:\/\/coronelxavierchaves.mg.gov.br\/prefeitura\/wp-json\/wp\/v2\/media?parent=25048"}],"wp:term":[{"taxonomy":"category","embeddable":true,"href":"https:\/\/coronelxavierchaves.mg.gov.br\/prefeitura\/wp-json\/wp\/v2\/categories?post=25048"},{"taxonomy":"post_tag","embeddable":true,"href":"https:\/\/coronelxavierchaves.mg.gov.br\/prefeitura\/wp-json\/wp\/v2\/tags?post=25048"}],"curies":[{"name":"wp","href":"https:\/\/api.w.org\/{rel}","templated":true}]}}