{"id":25058,"date":"2025-09-11T13:27:33","date_gmt":"2025-09-11T16:27:33","guid":{"rendered":"https:\/\/coronelxavierchaves.mg.gov.br\/prefeitura\/?p=25058"},"modified":"2025-10-15T08:07:29","modified_gmt":"2025-10-15T11:07:29","slug":"aviso-de-licitacao-pl-82-2025-contratacao-de-empresa-especializada-para-fornecimento-e-instalacao-de-sistema-de-sonorizacao","status":"publish","type":"post","link":"https:\/\/coronelxavierchaves.mg.gov.br\/prefeitura\/2025\/09\/11\/aviso-de-licitacao-pl-82-2025-contratacao-de-empresa-especializada-para-fornecimento-e-instalacao-de-sistema-de-sonorizacao\/","title":{"rendered":"Aviso de Licita\u00e7\u00e3o (PL 82\/2025) &#8211; Contrata\u00e7\u00e3o de empresa especializada para fornecimento e instala\u00e7\u00e3o de sistema de sonoriza\u00e7\u00e3o"},"content":{"rendered":"<blockquote>\n<p style=\"text-align: center;\">DOWNLOADS<\/p>\n<\/blockquote>\n<ul>\n<li style=\"list-style-type: none;\">\n<ul>\n<li><a href=\"https:\/\/coronelxavierchaves.mg.gov.br\/prefeitura\/wp-content\/uploads\/2025\/09\/NOVO-EDITAL-82-2025.pdf\">EDITAL<\/a>, publicado em 11\/09\/2025 \u00e0s 13:27h.<\/li>\n<li><a href=\"https:\/\/coronelxavierchaves.mg.gov.br\/prefeitura\/wp-content\/uploads\/2025\/10\/CONTRATO-82-2025.pdf\">CONTRATO<\/a>, publicado em 15\/10\/2025 \u00e0s 08:07h.<\/li>\n<\/ul>\n<\/li>\n<\/ul>\n<p style=\"text-align: center;\"><strong><u>AVISO DE LICITA\u00c7\u00c3O<\/u><\/strong><\/p>\n<p style=\"text-align: justify;\">Prefeitura Municipal de Coronel Xavier Chaves\/MG. Aviso de Licita\u00e7\u00e3o &#8211; Processo Licitat\u00f3rio \u2013 82\/2025, Preg\u00e3o Eletr\u00f4nico \u2013 36\/2025, do tipo\u00a0MENOR PRE\u00c7O GLOBAL.\u00a0OBJETO:\u00a0<strong>CONTRATA\u00c7\u00c3O DE EMPRESA ESPECIALIZADA PARA FORNECIMENTO E INSTALA\u00c7\u00c3O DE SISTEMA DE SONORIZA\u00c7\u00c3O NO AUDIT\u00d3RIO \u201cCEC\u00cdLIA MEIRELES\u201d LOCALIZADO NA ESCOLA MUNICIPAL \u201cSEBASTI\u00c3O PATR\u00cdCIO PINTO\u201d, INCLUINDO TODOS OS EQUIPAMENTOS, MATERIAIS E SERVI\u00c7OS NECESS\u00c1RIOS AO PLENO FUNCIONAMENTO DO SISTEMA.<\/strong>\u00a0Limite de acolhimento das propostas: dia 26\/09\/2025 \u00e0s 07h59min.\u00a0<strong>DISPUTA: 26\/09\/2025, \u00e0s 08h30min, na Plataforma LICITAPP<\/strong>,\u00a0<a href=\"https:\/\/coronelxavierchaves.licitapp.com.br\/\">https:\/\/coronelxavierchaves.licitapp.com.br\/\/<\/a>.\u00a0O edital est\u00e1 dispon\u00edvel no site\u00a0\u201c<a href=\"http:\/\/www.coronelxavierchaves.mg.gov.br\/\">www.coronelxavierchaves.mg.gov.br<\/a>&#8220;, mais informa\u00e7\u00f5es\u00a0na prefeitura municipal \u00e0 Rua Padre Reis, 84, Centro, Coronel Xavier Chaves\/MG, no hor\u00e1rio de 08h00min \u00e0s 12h00min e de 13h00min \u00e0s 16h00min. Tel.:\u00a0<a href=\"tel:%2832%29%203357-1235\">(32) 3216-1053<\/a>\/ (32) 9 9199-6496 (Whatsapp). Coronel Xavier Chaves, 11 de setembro de 2025. Juliana Jaques Camargos \u2013 Pregoeira.<\/p>\n<p>&nbsp;<\/p>\n<div class=\"printshowonly\">\n<p>*<b>PUBLICA\u00c7\u00c3O<\/b><\/p>\n<ul>\n<li>Um destaque desta publica\u00e7\u00e3o foi gerado na p\u00e1gina inicial do site, dispon\u00edvel at\u00e9 que demais publica\u00e7\u00f5es sejam realizadas.<\/li>\n<li>Uma publica\u00e7\u00e3o permanente foi feita na p\u00e1gina de Editais e Licita\u00e7\u00f5es.<\/li>\n<\/ul>\n<\/div>\n","protected":false},"excerpt":{"rendered":"<p>DOWNLOADS EDITAL, publicado em 11\/09\/2025 \u00e0s 13:27h. CONTRATO, publicado em 15\/10\/2025 \u00e0s 08:07h. AVISO DE LICITA\u00c7\u00c3O Prefeitura Municipal de Coronel Xavier Chaves\/MG. Aviso de Licita\u00e7\u00e3o &#8211; Processo Licitat\u00f3rio \u2013 82\/2025, Preg\u00e3o Eletr\u00f4nico \u2013 36\/2025, do tipo\u00a0MENOR PRE\u00c7O GLOBAL.\u00a0OBJETO:\u00a0CONTRATA\u00c7\u00c3O DE EMPRESA ESPECIALIZADA PARA FORNECIMENTO E INSTALA\u00c7\u00c3O DE SISTEMA DE SONORIZA\u00c7\u00c3O NO AUDIT\u00d3RIO \u201cCEC\u00cdLIA MEIRELES\u201d LOCALIZADO NA [&hellip;]<\/p>\n","protected":false},"author":3,"featured_media":4366,"comment_status":"closed","ping_status":"closed","sticky":false,"template":"","format":"standard","meta":{"footnotes":"","_links_to":"","_links_to_target":""},"categories":[135],"tags":[],"class_list":{"0":"post-25058","1":"post","2":"type-post","3":"status-publish","4":"format-standard","5":"has-post-thumbnail","7":"category-editais-de-licitacao-2025"},"_links":{"self":[{"href":"https:\/\/coronelxavierchaves.mg.gov.br\/prefeitura\/wp-json\/wp\/v2\/posts\/25058","targetHints":{"allow":["GET"]}}],"collection":[{"href":"https:\/\/coronelxavierchaves.mg.gov.br\/prefeitura\/wp-json\/wp\/v2\/posts"}],"about":[{"href":"https:\/\/coronelxavierchaves.mg.gov.br\/prefeitura\/wp-json\/wp\/v2\/types\/post"}],"author":[{"embeddable":true,"href":"https:\/\/coronelxavierchaves.mg.gov.br\/prefeitura\/wp-json\/wp\/v2\/users\/3"}],"replies":[{"embeddable":true,"href":"https:\/\/coronelxavierchaves.mg.gov.br\/prefeitura\/wp-json\/wp\/v2\/comments?post=25058"}],"version-history":[{"count":3,"href":"https:\/\/coronelxavierchaves.mg.gov.br\/prefeitura\/wp-json\/wp\/v2\/posts\/25058\/revisions"}],"predecessor-version":[{"id":25329,"href":"https:\/\/coronelxavierchaves.mg.gov.br\/prefeitura\/wp-json\/wp\/v2\/posts\/25058\/revisions\/25329"}],"wp:featuredmedia":[{"embeddable":true,"href":"https:\/\/coronelxavierchaves.mg.gov.br\/prefeitura\/wp-json\/wp\/v2\/media\/4366"}],"wp:attachment":[{"href":"https:\/\/coronelxavierchaves.mg.gov.br\/prefeitura\/wp-json\/wp\/v2\/media?parent=25058"}],"wp:term":[{"taxonomy":"category","embeddable":true,"href":"https:\/\/coronelxavierchaves.mg.gov.br\/prefeitura\/wp-json\/wp\/v2\/categories?post=25058"},{"taxonomy":"post_tag","embeddable":true,"href":"https:\/\/coronelxavierchaves.mg.gov.br\/prefeitura\/wp-json\/wp\/v2\/tags?post=25058"}],"curies":[{"name":"wp","href":"https:\/\/api.w.org\/{rel}","templated":true}]}}